{"id":2668,"date":"2010-03-17T21:57:37","date_gmt":"2010-03-17T20:57:37","guid":{"rendered":"http:\/\/www.djk-erlangen.de\/fussball\/?p=2668"},"modified":"2010-03-18T08:23:21","modified_gmt":"2010-03-18T07:23:21","slug":"verhaltener-saisonauftakt-im-wiesengrund","status":"publish","type":"post","link":"https:\/\/www.djk-erlangen.de\/fussball\/?p=2668","title":{"rendered":"Verhaltener Saisonauftakt im Wiesengrund"},"content":{"rendered":"<p>Am heutigen Mittwoch nachmittag gastierte der TSV Hemhofen\/Zeckern zu einem Vorbereitungsspiel der F-3\/I am Wiesengrund.<br \/>\nBei besten Witterungsverh\u00e4ltnissen wurde die Begegnung p\u00fcnktlich um 17.00 Uhr angepfiffen. <!--more-->Die Wiesenweg Buben kamen auf dem bestens bespielbaren A-Platz nicht richtig in Tritt und die Aktionen dauerten zu lange. Vielmehr war man immer einen<br \/>\nSchritt zu sp\u00e4t am Ball und auch die Zweik\u00e4mpfe wurden in den ersten 20 Spielminuten irgendwie vermieden bzw. aus dem Weg gegangen. Die eigenen Aktionen wurden<br \/>\nviel zu hektisch abgeschlossen\u00a0 und die gewohnte Ballsicherheit wurde \u00fcber weite Strecken vermi\u00dft. So war man dann auch<br \/>\netwas verdutzt da\u00df ein sicher und \u00fcberlegener Gast schnell mit 2:0 in F\u00fchrung ging. Kurz um, wir haben es verschlafen dem Gegner Paroli zu bieten.<br \/>\nEinzig und allein unser Linksverteidiger Hannes zeigte heute ann\u00e4herend Normalform.<\/p>\n<p>Die G\u00e4ste f\u00fchlten sich mit dem Vorsprung auf der sicheren Seite und agierten teilweise grob fahrl\u00e4ssig und so erzielte Ben aus heiteren Himmel den Anschlu\u00dftreffer.<br \/>\nVor der Pause gelang Hemhofen durch einen gl\u00e4nzend vorgetragenen Spielzug wieder der alte Abstand. So wechselte man nach 35 Minuten die Seiten.<\/p>\n<p>Die Pausenansprache der Trainer schien zu fruchten. Fortan bestimmten wir das Spiel und zahlreiche Einschu\u00dfm\u00f6glichkeiten durch fast alle Buben der DjK wurden<br \/>\nin aussichtsreicher Position kl\u00e4glich vergeben bzw. durch Bruder Leichtfu\u00df und Herrn Schlendrian zu nichte gemacht.<br \/>\nDen sch\u00f6nsten Spielzug auf Seiten der Wiesenweg Buben schlo\u00df Mittelfeldmotor Mike mit einem fulminanten Direktschu\u00df zum kurzzeitigen 2:3 ab.<\/p>\n<p>Jetzt spielten wir druckvoll nach vorne, jedoch wollte der Ausgleichstreffer nicht fallen. So kam es wie es kommen mu\u00dfte, genau in der Wechselphase hatten die G\u00e4ste noch eine Chance,<br \/>\nwelche diese sicher zum verdienten Endstand zum 4:2 nutzten.<\/p>\n<p>Es hat sich heute wieder mal eindrucksvoll bewiesen, da\u00df durch das permanente Ein\/Auswechseln, nur um alle Kinder spielen zu lassen, der Spielflu\u00df erheblich negativ beeintr\u00e4chtigt wird.<br \/>\nDieses Vorhaben ist seit heute f\u00fcr uns endlich Geschichte!<\/p>\n<p>Letztendlich hat die spielerisch bessere Mannschaft verdient gewonnen und die Trainer sowie die Spieler wissen, da\u00df es bis zum Saisonauftakt am 12. April in Dechsendorf noch viel zu tun gibt.<\/p>\n<p>Wir packen\u00b4s an! Bereits in der morgigen Trainingseinheit!<\/p>\n","protected":false},"excerpt":{"rendered":"<p>Am heutigen Mittwoch nachmittag gastierte der TSV Hemhofen\/Zeckern zu einem Vorbereitungsspiel der F-3\/I am Wiesengrund. Bei besten Witterungsverh\u00e4ltnissen wurde die Begegnung p\u00fcnktlich um 17.00 Uhr angepfiffen.<\/p>\n","protected":false},"author":32,"featured_media":0,"comment_status":"open","ping_status":"closed","sticky":false,"template":"","format":"standard","meta":{"jetpack_post_was_ever_published":false,"_jetpack_newsletter_access":"","_jetpack_dont_email_post_to_subs":false,"_jetpack_newsletter_tier_id":0,"_jetpack_memberships_contains_paywalled_content":false,"_jetpack_memberships_contains_paid_content":false,"footnotes":"","jetpack_publicize_message":"","jetpack_publicize_feature_enabled":true,"jetpack_social_post_already_shared":false,"jetpack_social_options":{"image_generator_settings":{"template":"highway","default_image_id":0,"font":"","enabled":false},"version":2}},"categories":[1],"tags":[],"class_list":["post-2668","post","type-post","status-publish","format-standard","hentry","category-allgemein"],"jetpack_publicize_connections":[],"jetpack_featured_media_url":"","jetpack_shortlink":"https:\/\/wp.me\/p2ZUr0-H2","jetpack_sharing_enabled":true,"_links":{"self":[{"href":"https:\/\/www.djk-erlangen.de\/fussball\/index.php?rest_route=\/wp\/v2\/posts\/2668","targetHints":{"allow":["GET"]}}],"collection":[{"href":"https:\/\/www.djk-erlangen.de\/fussball\/index.php?rest_route=\/wp\/v2\/posts"}],"about":[{"href":"https:\/\/www.djk-erlangen.de\/fussball\/index.php?rest_route=\/wp\/v2\/types\/post"}],"author":[{"embeddable":true,"href":"https:\/\/www.djk-erlangen.de\/fussball\/index.php?rest_route=\/wp\/v2\/users\/32"}],"replies":[{"embeddable":true,"href":"https:\/\/www.djk-erlangen.de\/fussball\/index.php?rest_route=%2Fwp%2Fv2%2Fcomments&post=2668"}],"version-history":[{"count":8,"href":"https:\/\/www.djk-erlangen.de\/fussball\/index.php?rest_route=\/wp\/v2\/posts\/2668\/revisions"}],"predecessor-version":[{"id":2671,"href":"https:\/\/www.djk-erlangen.de\/fussball\/index.php?rest_route=\/wp\/v2\/posts\/2668\/revisions\/2671"}],"wp:attachment":[{"href":"https:\/\/www.djk-erlangen.de\/fussball\/index.php?rest_route=%2Fwp%2Fv2%2Fmedia&parent=2668"}],"wp:term":[{"taxonomy":"category","embeddable":true,"href":"https:\/\/www.djk-erlangen.de\/fussball\/index.php?rest_route=%2Fwp%2Fv2%2Fcategories&post=2668"},{"taxonomy":"post_tag","embeddable":true,"href":"https:\/\/www.djk-erlangen.de\/fussball\/index.php?rest_route=%2Fwp%2Fv2%2Ftags&post=2668"}],"curies":[{"name":"wp","href":"https:\/\/api.w.org\/{rel}","templated":true}]}}