{"id":2511,"date":"2014-10-07T22:00:37","date_gmt":"2014-10-07T20:00:37","guid":{"rendered":"http:\/\/www.djk-erlangen.de\/fussball\/?p=2511"},"modified":"2014-10-08T15:24:59","modified_gmt":"2014-10-08T13:24:59","slug":"wichtigah-saisonauftakt","status":"publish","type":"post","link":"https:\/\/www.djk-erlangen.de\/fussball\/?p=2511","title":{"rendered":"<strong>Einladung zur Jahreshauptversammlung &#8222;Fu\u00dfball&#8220;<\/strong><h5>Dienstag, 4. November 2014, 19:30h<\/h5>"},"content":{"rendered":"<div>Die Jahreshauptversammlung der Fu\u00dfballabteilung findet am 4.11.2014 um 19:30 Uhr im Jugendraum statt.<\/div>\n<div><\/div>\n<div><b>Tagesordnung<\/b><\/div>\n<ol>\n<li>Begr\u00fc\u00dfung<\/li>\n<li>Bericht der Abteilungsleitung<\/li>\n<li>Bericht der Jugendleitung<\/li>\n<li>W\u00fcnsche und Antr\u00e4ge<\/li>\n<li>Wahlen<\/li>\n<\/ol>\n<div>Gr\u00fc\u00dfe<\/div>\n<div>Harry<\/div>\n","protected":false},"excerpt":{"rendered":"<p>Die Jahreshauptversammlung der Fu\u00dfballabteilung findet am 4.11.2014 um 19:30 Uhr im Jugendraum statt. Tagesordnung Begr\u00fc\u00dfung Bericht der Abteilungsleitung Bericht der Jugendleitung W\u00fcnsche und Antr\u00e4ge Wahlen Gr\u00fc\u00dfe Harry<\/p>\n","protected":false},"author":5,"featured_media":0,"comment_status":"open","ping_status":"closed","sticky":false,"template":"","format":"standard","meta":{"jetpack_post_was_ever_published":false,"_jetpack_newsletter_access":"","_jetpack_dont_email_post_to_subs":false,"_jetpack_newsletter_tier_id":0,"_jetpack_memberships_contains_paywalled_content":false,"_jetpack_memberships_contains_paid_content":false,"footnotes":"","jetpack_publicize_message":"","jetpack_publicize_feature_enabled":true,"jetpack_social_post_already_shared":true,"jetpack_social_options":{"image_generator_settings":{"template":"highway","default_image_id":0,"font":"","enabled":false},"version":2}},"categories":[4,1,5,17,18,42,43,44,8,26,27,10,34,35,41,11,12,28,29,13,14,39,37,38,15,40,36,30,31],"tags":[],"class_list":["post-2511","post","type-post","status-publish","format-standard","hentry","category-ah","category-allgemein","category-herren","category-herren-1","category-herren-2","category-u10-e3-i","category-u10-e3-ii","category-u10-e3-iii","category-u11-e1","category-u11-e2","category-u11-e3","category-u13","category-u13-d1","category-u13-d2","category-u13-d3","category-u15","category-u17","category-u17-b1","category-u17-b2","category-u19","category-u7","category-u8","category-u8-f3-1","category-u8-f3-2","category-u9-f1","category-u9-f2-2","category-u9-f2-i","category-u9-f3-i","category-u9-f3-ii"],"jetpack_publicize_connections":[],"jetpack_featured_media_url":"","jetpack_shortlink":"https:\/\/wp.me\/p2ZUr0-Ev","jetpack_sharing_enabled":true,"_links":{"self":[{"href":"https:\/\/www.djk-erlangen.de\/fussball\/index.php?rest_route=\/wp\/v2\/posts\/2511","targetHints":{"allow":["GET"]}}],"collection":[{"href":"https:\/\/www.djk-erlangen.de\/fussball\/index.php?rest_route=\/wp\/v2\/posts"}],"about":[{"href":"https:\/\/www.djk-erlangen.de\/fussball\/index.php?rest_route=\/wp\/v2\/types\/post"}],"author":[{"embeddable":true,"href":"https:\/\/www.djk-erlangen.de\/fussball\/index.php?rest_route=\/wp\/v2\/users\/5"}],"replies":[{"embeddable":true,"href":"https:\/\/www.djk-erlangen.de\/fussball\/index.php?rest_route=%2Fwp%2Fv2%2Fcomments&post=2511"}],"version-history":[{"count":43,"href":"https:\/\/www.djk-erlangen.de\/fussball\/index.php?rest_route=\/wp\/v2\/posts\/2511\/revisions"}],"predecessor-version":[{"id":12221,"href":"https:\/\/www.djk-erlangen.de\/fussball\/index.php?rest_route=\/wp\/v2\/posts\/2511\/revisions\/12221"}],"wp:attachment":[{"href":"https:\/\/www.djk-erlangen.de\/fussball\/index.php?rest_route=%2Fwp%2Fv2%2Fmedia&parent=2511"}],"wp:term":[{"taxonomy":"category","embeddable":true,"href":"https:\/\/www.djk-erlangen.de\/fussball\/index.php?rest_route=%2Fwp%2Fv2%2Fcategories&post=2511"},{"taxonomy":"post_tag","embeddable":true,"href":"https:\/\/www.djk-erlangen.de\/fussball\/index.php?rest_route=%2Fwp%2Fv2%2Ftags&post=2511"}],"curies":[{"name":"wp","href":"https:\/\/api.w.org\/{rel}","templated":true}]}}