{"id":2348,"date":"2010-01-06T22:06:20","date_gmt":"2010-01-06T21:06:20","guid":{"rendered":"http:\/\/www.djk-erlangen.de\/fussball\/?p=2348"},"modified":"2010-01-06T22:06:20","modified_gmt":"2010-01-06T21:06:20","slug":"trainingsauftakt-2","status":"publish","type":"post","link":"https:\/\/www.djk-erlangen.de\/fussball\/?p=2348","title":{"rendered":"Trainingsauftakt"},"content":{"rendered":"<p>wir hoffen, da\u00df Ihr alle gesund und munter ins neue Jahr gerutscht seit und die Weihnachtsferien gut \u00fcberstanden habt.<\/p>\n<p>Nach einer ersten Betrachtung des Sportplatzes erwartet uns ein schneebedeckter gefrorener Untergrund.<\/p>\n<p>Auch die Wettervorhersage verspricht keine weiteren Niederschl\u00e4ge, es bleibt frostig und trocken.<\/p>\n<p>Einem Trainingsauftakt steht somit nichts im Wege!!\u00a0 <!--more-->Bitte zieht Euren Kindern morgen keine Fu\u00dfballschuhe an, da diese keinen sicheren Stand garantieren.<br \/>\nPerfekt w\u00e4re ein sog. Multinockenschuh bzw. 1000f\u00fc\u00dfler. Ein fester Halbschuh vorzugsweise mit warmer Einlegesohle tut es genauso.<\/p>\n<p>Wichtig ist, da\u00df die Kinder ausreichend Standfestigkeit haben.<br \/>\nDie Entscheidung \u00fcberlassen wir Euch!<\/p>\n<p>Trainingsanzug (der alte gr\u00fcne oder was anderes) mit einer langen Unterw\u00e4sche (Skiunterw\u00e4sche) darunter und einer atmungsaktiven gef\u00fctterten Jacke<br \/>\noder Fleecepulli sollten vollkommen ausreichend sein, da wir uns bei dieser Witterung sicherlich ausreichend bewegen werden.<\/p>\n<p>M\u00fctze und Handschuhe bitte nicht vergessen!!!<\/p>\n<p>Dies gilt auch f\u00fcr unsere Kurzhosen Fanatiker!<\/p>\n","protected":false},"excerpt":{"rendered":"<p>wir hoffen, da\u00df Ihr alle gesund und munter ins neue Jahr gerutscht seit und die Weihnachtsferien gut \u00fcberstanden habt. Nach einer ersten Betrachtung des Sportplatzes erwartet uns ein schneebedeckter gefrorener Untergrund. Auch die Wettervorhersage verspricht keine weiteren Niederschl\u00e4ge, es bleibt &hellip; <a href=\"https:\/\/www.djk-erlangen.de\/fussball\/?p=2348\">Weiterlesen <span class=\"meta-nav\">&rarr;<\/span><\/a><\/p>\n","protected":false},"author":32,"featured_media":0,"comment_status":"open","ping_status":"closed","sticky":false,"template":"","format":"standard","meta":{"jetpack_post_was_ever_published":false,"_jetpack_newsletter_access":"","_jetpack_dont_email_post_to_subs":false,"_jetpack_newsletter_tier_id":0,"_jetpack_memberships_contains_paywalled_content":false,"_jetpack_memberships_contains_paid_content":false,"footnotes":"","jetpack_publicize_message":"","jetpack_publicize_feature_enabled":true,"jetpack_social_post_already_shared":false,"jetpack_social_options":{"image_generator_settings":{"template":"highway","default_image_id":0,"font":"","enabled":false},"version":2}},"categories":[1],"tags":[],"class_list":["post-2348","post","type-post","status-publish","format-standard","hentry","category-allgemein"],"jetpack_publicize_connections":[],"jetpack_featured_media_url":"","jetpack_shortlink":"https:\/\/wp.me\/p2ZUr0-BS","jetpack_sharing_enabled":true,"_links":{"self":[{"href":"https:\/\/www.djk-erlangen.de\/fussball\/index.php?rest_route=\/wp\/v2\/posts\/2348","targetHints":{"allow":["GET"]}}],"collection":[{"href":"https:\/\/www.djk-erlangen.de\/fussball\/index.php?rest_route=\/wp\/v2\/posts"}],"about":[{"href":"https:\/\/www.djk-erlangen.de\/fussball\/index.php?rest_route=\/wp\/v2\/types\/post"}],"author":[{"embeddable":true,"href":"https:\/\/www.djk-erlangen.de\/fussball\/index.php?rest_route=\/wp\/v2\/users\/32"}],"replies":[{"embeddable":true,"href":"https:\/\/www.djk-erlangen.de\/fussball\/index.php?rest_route=%2Fwp%2Fv2%2Fcomments&post=2348"}],"version-history":[{"count":4,"href":"https:\/\/www.djk-erlangen.de\/fussball\/index.php?rest_route=\/wp\/v2\/posts\/2348\/revisions"}],"predecessor-version":[{"id":2352,"href":"https:\/\/www.djk-erlangen.de\/fussball\/index.php?rest_route=\/wp\/v2\/posts\/2348\/revisions\/2352"}],"wp:attachment":[{"href":"https:\/\/www.djk-erlangen.de\/fussball\/index.php?rest_route=%2Fwp%2Fv2%2Fmedia&parent=2348"}],"wp:term":[{"taxonomy":"category","embeddable":true,"href":"https:\/\/www.djk-erlangen.de\/fussball\/index.php?rest_route=%2Fwp%2Fv2%2Fcategories&post=2348"},{"taxonomy":"post_tag","embeddable":true,"href":"https:\/\/www.djk-erlangen.de\/fussball\/index.php?rest_route=%2Fwp%2Fv2%2Ftags&post=2348"}],"curies":[{"name":"wp","href":"https:\/\/api.w.org\/{rel}","templated":true}]}}