{"id":230,"date":"2009-08-10T16:14:48","date_gmt":"2009-08-10T14:14:48","guid":{"rendered":"http:\/\/www.rainerschmitt.de\/fussball\/?p=230"},"modified":"2009-09-22T17:30:48","modified_gmt":"2009-09-22T15:30:48","slug":"djk-erlangen-ii-fc-niederndorf-21-spielbericht","status":"publish","type":"post","link":"https:\/\/www.djk-erlangen.de\/fussball\/?p=230","title":{"rendered":"DJK Erlangen II &#8211; ASV Niederndorf II 2:1"},"content":{"rendered":"<p>Ein gelungener Start in die A Klassensaison ist der 2. Mannschaft gegl\u00fcckt. Urlaubsbedingt mussten einige Ausf\u00e4lle kompensiert werden und so konnten neben den aus der A-Jugend in den Erstmannschaftsbereich aufger\u00fcckten Spielern M. Waldh\u00fctter. und M. Brenninger auch die drei A-Jugendspieler T. Rausch,\u00a0 M. Sing und E. Peters ihr Deb\u00fct im Herrenbereich geben.<!--more--><\/p>\n<p>Der Auftakt verlief f\u00fcr die DJK Erlangen bei tropischen Temperaturen nach Ma\u00df. Bereits in den ersten 10 Minuten parrierte der gute Torh\u00fcter der Niederndorfer einen 18 Meter Schuss von H. Weiss, der kurz darauf aus 16 Metern \u00fcber das Tor schoss. Kurze Zeit sp\u00e4ter war der Torh\u00fcter dann aber chancenlos. Nach einem sch\u00f6nen Spielzug legte P. Kellner\u00a0 von der Grundlinie aus quer und T. Rausch konnte aus kurzer Entfernung einschieben. Das 1:0 sorgte jedoch nicht f\u00fcr zus\u00e4tzliche Sicherheit,\u00a0 im Gegenteil. Nach dem F\u00fchrungstreffer war das Spiel pl\u00f6tzlich zerfahren und beide Seiten agierten fast nur noch mit langen B\u00e4llen und konnten keine nennenswerten Chancen herausspielen.\u00a0 Bis zur 40. Minute, als Kellner pl\u00f6tzlich frei vor dem Niederndorfer Keeper zum Schuss kam. Er konnte den Ball und auch den Nachschuss jedoch nicht im Tor unterbringen. So dass es zur Halbzeit bei der knappen F\u00fchrung blieb.<\/p>\n<p>In der zweiten Halbzeit war das Spiel zun\u00e4chst noch ausgeglichen. Ab Mitte der zweiten Halbzeit kamen die Niederndorfer jedoch immer besser ins Spiel und konnten sich in der DJK H\u00e4lfte festsetzen. Die hohe Anzahl an Ballverlusten f\u00fchrte dazu, dass kaum noch Entlastung f\u00fcr die Abwehrreihe der DJK zustande kam. In der Folge hatte Niederndorf in dieser Phase auch vier &#8222;hundertprozentige&#8220;, die allesamt vom Torh\u00fcter F. Hauenstein per Glanztat vereitelt wurden. Das Auslassen dieser Tochancen wurde dann bestraft. Bei einem DJK Angriff setzte sich E. Peters sch\u00f6n im Strafraum der G\u00e4ste durch und schoss den Ball aus 7 Metern unhaltbar zum 2:0 ins Netz. In der 85 Minute gelang Niederndorf nach einem Abwehrfehler der DJK dann doch noch der Anschlusstreffer, zu mehr reichte es dann aber nicht mehr.<\/p>\n<p>Fazit: Ein guter Saisonauftakt, wenn auch aufgrund des Spielverlaufs in der zweiten Halbzweit etwas gl\u00fccklich.<\/p>\n","protected":false},"excerpt":{"rendered":"<p>Ein gelungener Start in die A Klassensaison ist der 2. Mannschaft gegl\u00fcckt. Urlaubsbedingt mussten einige Ausf\u00e4lle kompensiert werden und so konnten neben den aus der A-Jugend in den Erstmannschaftsbereich aufger\u00fcckten Spielern M. Waldh\u00fctter. und M. Brenninger auch die drei A-Jugendspieler &hellip; <a href=\"https:\/\/www.djk-erlangen.de\/fussball\/?p=230\">Weiterlesen <span class=\"meta-nav\">&rarr;<\/span><\/a><\/p>\n","protected":false},"author":5,"featured_media":0,"comment_status":"open","ping_status":"closed","sticky":false,"template":"","format":"standard","meta":{"jetpack_post_was_ever_published":false,"_jetpack_newsletter_access":"","_jetpack_dont_email_post_to_subs":false,"_jetpack_newsletter_tier_id":0,"_jetpack_memberships_contains_paywalled_content":false,"_jetpack_memberships_contains_paid_content":false,"footnotes":"","jetpack_publicize_message":"","jetpack_publicize_feature_enabled":true,"jetpack_social_post_already_shared":false,"jetpack_social_options":{"image_generator_settings":{"template":"highway","default_image_id":0,"font":"","enabled":false},"version":2}},"categories":[5,18],"tags":[],"class_list":["post-230","post","type-post","status-publish","format-standard","hentry","category-herren","category-herren-2"],"jetpack_publicize_connections":[],"jetpack_featured_media_url":"","jetpack_shortlink":"https:\/\/wp.me\/p2ZUr0-3I","jetpack_sharing_enabled":true,"_links":{"self":[{"href":"https:\/\/www.djk-erlangen.de\/fussball\/index.php?rest_route=\/wp\/v2\/posts\/230","targetHints":{"allow":["GET"]}}],"collection":[{"href":"https:\/\/www.djk-erlangen.de\/fussball\/index.php?rest_route=\/wp\/v2\/posts"}],"about":[{"href":"https:\/\/www.djk-erlangen.de\/fussball\/index.php?rest_route=\/wp\/v2\/types\/post"}],"author":[{"embeddable":true,"href":"https:\/\/www.djk-erlangen.de\/fussball\/index.php?rest_route=\/wp\/v2\/users\/5"}],"replies":[{"embeddable":true,"href":"https:\/\/www.djk-erlangen.de\/fussball\/index.php?rest_route=%2Fwp%2Fv2%2Fcomments&post=230"}],"version-history":[{"count":2,"href":"https:\/\/www.djk-erlangen.de\/fussball\/index.php?rest_route=\/wp\/v2\/posts\/230\/revisions"}],"predecessor-version":[{"id":589,"href":"https:\/\/www.djk-erlangen.de\/fussball\/index.php?rest_route=\/wp\/v2\/posts\/230\/revisions\/589"}],"wp:attachment":[{"href":"https:\/\/www.djk-erlangen.de\/fussball\/index.php?rest_route=%2Fwp%2Fv2%2Fmedia&parent=230"}],"wp:term":[{"taxonomy":"category","embeddable":true,"href":"https:\/\/www.djk-erlangen.de\/fussball\/index.php?rest_route=%2Fwp%2Fv2%2Fcategories&post=230"},{"taxonomy":"post_tag","embeddable":true,"href":"https:\/\/www.djk-erlangen.de\/fussball\/index.php?rest_route=%2Fwp%2Fv2%2Ftags&post=230"}],"curies":[{"name":"wp","href":"https:\/\/api.w.org\/{rel}","templated":true}]}}