{"id":2273,"date":"2009-12-20T17:00:11","date_gmt":"2009-12-20T16:00:11","guid":{"rendered":"http:\/\/www.djk-erlangen.de\/fussball\/?p=2273"},"modified":"2009-12-20T20:12:09","modified_gmt":"2009-12-20T19:12:09","slug":"weihnachten-2009","status":"publish","type":"post","link":"https:\/\/www.djk-erlangen.de\/fussball\/?p=2273","title":{"rendered":"Weihnachten 2009"},"content":{"rendered":"<p style=\"text-align: center;\">wieder einmal neigt sich ein Jahr seinem Ende entgegen und erneut haben turbulente Ereignisse und tiefgreifender Wandel in allen gesellschaftlichen und wirtschaftlichen Bereichen<br \/>\nunseren Alltag bestimmt. Wirtschaftskrise, Arbeitslosigkeit und Insolvenzen\u2026\u2026<!--more--><\/p>\n<p style=\"text-align: center;\">Niemand wei\u00df wie es morgen weitergeht. Ein jeder geht permanent an die Grenzen der Belastbarkeit und schraubt st\u00e4ndig einen Gang zur\u00fcck.<br \/>\nF\u00fcr sehr viele Menschen ist das Leben in unserer Gesellschaft noch h\u00e4rter geworden, da erscheinen sch\u00f6ne Gef\u00fchle und Verhaltensweisen als reiner Luxus.<\/p>\n<p style=\"text-align: center;\">Zum Jahresende w\u00fcnsche ich mir f\u00fcr unsere Wirtschaft eine klare Analyse, gute innovative Ideen, zukunftsweisende Strategien, Mut und vor allem den notwendigen Optimismus.<\/p>\n<p style=\"text-align: center;\"><strong><em>\u201e Ein Jahr vorbei\u2026, und im Kalender hat nur die R\u00fcckwand noch Bestand.<br \/>\nMan zieht Bilanz: quer durch die L\u00e4nder, und mancher Traum verrinnt im Sand.<br \/>\nWas bleibt? Das Gute, Wetterfeste, es bleibt, was Zeiten \u00fcberlebt.<br \/>\nVom Besten nur das Allerbeste, was aus dem Durchschnitt sich erhebt.<br \/>\nDie Freude bleibt an h\u00fcbschen Dingen und die Erinnerung kehrt zur\u00fcck.<br \/>\nWas angepackt wird soll gelingen!<\/em><\/strong><\/p>\n<p style=\"text-align: center;\"><strong><em>ERFOLG, GESUNDHEIT und viel GL\u00dcCK<br \/>\n<\/em><\/strong><\/p>\n<p style=\"text-align: center;\">Auch m\u00f6chten wir uns f\u00fcr das entgegen gebrachte Vertrauen in unsere Arbeit mit Euren Kindern recht herzlich bei Euch Eltern und den Verantwortlichen der DjK bedanken!<br \/>\nOhne Euch w\u00e4re so viel nicht m\u00f6glich gewesen!<br \/>\nNicht zu vergessen ist unser Greenkeeper Gerhard Kraus!\u00a0 Lieber Gerhard, danke f\u00fcr die immer optimale Pr\u00e4parierung des Spielfeld\u00b4s auf dem Hauptplatz!<\/p>\n<p style=\"text-align: center;\">\n<p style=\"text-align: center;\">Wir w\u00fcnschen Euch allen frohe, geruhsame und vor allem besinnliche Festtage im Kreise Eurer Familien und viel Erfolg bei der Erf\u00fcllung der pers\u00f6nlichen W\u00fcnsche im neuen Jahr.<\/p>\n","protected":false},"excerpt":{"rendered":"<p>wieder einmal neigt sich ein Jahr seinem Ende entgegen und erneut haben turbulente Ereignisse und tiefgreifender Wandel in allen gesellschaftlichen und wirtschaftlichen Bereichen unseren Alltag bestimmt. Wirtschaftskrise, Arbeitslosigkeit und Insolvenzen\u2026\u2026<\/p>\n","protected":false},"author":32,"featured_media":0,"comment_status":"open","ping_status":"closed","sticky":false,"template":"","format":"standard","meta":{"jetpack_post_was_ever_published":false,"_jetpack_newsletter_access":"","_jetpack_dont_email_post_to_subs":false,"_jetpack_newsletter_tier_id":0,"_jetpack_memberships_contains_paywalled_content":false,"_jetpack_memberships_contains_paid_content":false,"footnotes":"","jetpack_publicize_message":"","jetpack_publicize_feature_enabled":true,"jetpack_social_post_already_shared":false,"jetpack_social_options":{"image_generator_settings":{"template":"highway","default_image_id":0,"font":"","enabled":false},"version":2}},"categories":[1],"tags":[],"class_list":["post-2273","post","type-post","status-publish","format-standard","hentry","category-allgemein"],"jetpack_publicize_connections":[],"jetpack_featured_media_url":"","jetpack_shortlink":"https:\/\/wp.me\/p2ZUr0-AF","jetpack_sharing_enabled":true,"_links":{"self":[{"href":"https:\/\/www.djk-erlangen.de\/fussball\/index.php?rest_route=\/wp\/v2\/posts\/2273","targetHints":{"allow":["GET"]}}],"collection":[{"href":"https:\/\/www.djk-erlangen.de\/fussball\/index.php?rest_route=\/wp\/v2\/posts"}],"about":[{"href":"https:\/\/www.djk-erlangen.de\/fussball\/index.php?rest_route=\/wp\/v2\/types\/post"}],"author":[{"embeddable":true,"href":"https:\/\/www.djk-erlangen.de\/fussball\/index.php?rest_route=\/wp\/v2\/users\/32"}],"replies":[{"embeddable":true,"href":"https:\/\/www.djk-erlangen.de\/fussball\/index.php?rest_route=%2Fwp%2Fv2%2Fcomments&post=2273"}],"version-history":[{"count":6,"href":"https:\/\/www.djk-erlangen.de\/fussball\/index.php?rest_route=\/wp\/v2\/posts\/2273\/revisions"}],"predecessor-version":[{"id":2284,"href":"https:\/\/www.djk-erlangen.de\/fussball\/index.php?rest_route=\/wp\/v2\/posts\/2273\/revisions\/2284"}],"wp:attachment":[{"href":"https:\/\/www.djk-erlangen.de\/fussball\/index.php?rest_route=%2Fwp%2Fv2%2Fmedia&parent=2273"}],"wp:term":[{"taxonomy":"category","embeddable":true,"href":"https:\/\/www.djk-erlangen.de\/fussball\/index.php?rest_route=%2Fwp%2Fv2%2Fcategories&post=2273"},{"taxonomy":"post_tag","embeddable":true,"href":"https:\/\/www.djk-erlangen.de\/fussball\/index.php?rest_route=%2Fwp%2Fv2%2Ftags&post=2273"}],"curies":[{"name":"wp","href":"https:\/\/api.w.org\/{rel}","templated":true}]}}