{"id":2263,"date":"2009-12-19T22:46:02","date_gmt":"2009-12-19T21:46:02","guid":{"rendered":"http:\/\/www.djk-erlangen.de\/fussball\/?p=2263"},"modified":"2009-12-19T22:55:26","modified_gmt":"2009-12-19T21:55:26","slug":"mude-krieger-zu-spat-aufgewacht","status":"publish","type":"post","link":"https:\/\/www.djk-erlangen.de\/fussball\/?p=2263","title":{"rendered":"M\u00fcde Krieger zu sp\u00e4t aufgewacht"},"content":{"rendered":"<p>Zeitgleich mit dem ersten Schnee der Saison begann die 1. Zwischenrunde der diesj\u00e4hrigen Hallenkreismeisterschaft in Spardorf.<br \/>\nTrotz des Wintereinbruchs waren alle p\u00fcnktlich am Treffpunkt erschienen.<br \/>\n<!--more-->Der Auftakt gegen den FSV Erlangen Bruck ging mit 0:1 verloren! Die gesamte Mannschaft wirkte noch verschlafen und war in Gedanken wahrscheinlich noch im Bett.<br \/>\nNach einem Appell durch die Betreuer meinten wir dann endlich angekommen zu sein und gingen gegen die Spvgg Erlangen in der 4. Spielminute verdient mit 1:0 in F\u00fchrung. Leider hatten unsere<br \/>\nSt\u00fcrmer heute wieder absolute Ladehemmung und so wurde es vers\u00e4umt das Ergebnis nach oben hin zu korrigieren. Man verfiel wieder in die vorgenannte Schl\u00e4frigkeit und so war es nur eine Frage<br \/>\nder Zeit wann der Ausgleich f\u00e4llt.<\/p>\n<p>Durch einen mehr als dummen Ballverlust in der gegnerischen H\u00e4lfte resultierte dann auch der Ausgleich, so trennte man sich mit einem gerechten f\u00fcr uns jedoch ungl\u00fccklichen Unentschieden.<br \/>\nSomit kam es zu einem vorgezogenen Showdown gegen die bis dato spielst\u00e4rkste Truppe, den 1. FC Gro\u00dfdechsendorf, gegen die unbedingt gewonnen werden mu\u00dfte um sich die realistische Chance zu erhalten die n\u00e4chste Runde zu erreichen.<\/p>\n<p>Irgendwie waren die Jungs immer noch nicht ganz wach und so war es ehe es begonnen hatte auch schon vorbei. Ansto\u00df FCD, ein kluger Pa\u00df der die gesamte Hintermannschaft der Wiesenwegbuben anscheinend \u00fcberraschte und schon stand es 1:0 gegen uns. Das Debakel perfekt machte dann noch das heute v\u00f6llig ungewohnte Mi\u00dfverst\u00e4ndnis zwischen Torh\u00fcter, Abwehr und Schiedsrichter, so war man mit einer 2:0 Niederlage am Ende noch gut bedient.<\/p>\n<p>Trainer, Betreuer und die zahlreich mitgereisten Eltern waren auch bedient, denn\u00a0 das war das Aus in der Hallenkreismeisterschaft 2009\/10 und das letzte Spiel war nur noch Makulatur.<\/p>\n<p>Gegen den SC Uttenreuth zeigte die Truppe dann ihr wahres Gesicht und warfen alle vorher vermi\u00dften Tugenden in die Waagschale und gewannen durch blitzsauber herausgespielte Tore am Ende hochverdient mit 2:0. Beim verlassen der Spielfl\u00e4che erw\u00e4hnte ein Betreuer ganz s\u00fcffisant: &#8222;Beim n\u00e4chsten Turnier an einem Vormittag fangen wir um 07.00 Uhr mit einer Trainingseinheit an, dann sind die Jungs wenigstens wach!&#8220;<\/p>\n<p>Somit belegte man am Ende den undankbaren 4. Platz mit 4 errungenen Punkten und 3 erzielten und 4 bekommenen Toren! Die Wahrscheinlichkeit als einer der besten 4ten sich f\u00fcr die n\u00e4chste Runde zu qualifizieren erscheint eher unrealistisch.<\/p>\n<p><span style=\"text-decoration: underline;\">Abschlu\u00dftabelle 1. Zw.-Runde F3-Junioren Gruppe 3<\/span><\/p>\n<ol>\n<li>FSV Erlangen Bruck\u00a0 3:3 Tore\u00a0 9 Punkte<\/li>\n<li>Spvgg Erlangen\u00a0\u00a0\u00a0\u00a0\u00a0\u00a0\u00a0\u00a0 7:2 Tore\u00a0 8 Punkte<\/li>\n<li>1. FC Gro\u00dfd\u00b4dorf\u00a0\u00a0\u00a0\u00a0\u00a0\u00a0 4:2 Tore\u00a0 7 Punkte<\/li>\n<li>DjK Erlangen\u00a0\u00a0\u00a0\u00a0\u00a0\u00a0\u00a0\u00a0\u00a0\u00a0\u00a0 \u00a0 3:4 Tore\u00a0 4 Punkte<\/li>\n<li>SC Uttenreuth\u00a0\u00a0\u00a0\u00a0\u00a0\u00a0\u00a0\u00a0\u00a0\u00a0\u00a0\u00a0 0:6 Tore\u00a0 0 Punkte<\/li>\n<\/ol>\n<p>eingesetzte Spieler: Luis; Johannes G.; Daniel; Alexander; Oliver; Lorenz K.; Benedikt; Ben; Jojo<\/p>\n<p>Ab sofort gilt die ganze Konzentration Weihnachten. Euch allen ein frohes Fest und la\u00dft Euch reich beschenken.<\/p>\n","protected":false},"excerpt":{"rendered":"<p>Zeitgleich mit dem ersten Schnee der Saison begann die 1. Zwischenrunde der diesj\u00e4hrigen Hallenkreismeisterschaft in Spardorf. Trotz des Wintereinbruchs waren alle p\u00fcnktlich am Treffpunkt erschienen.<\/p>\n","protected":false},"author":32,"featured_media":0,"comment_status":"open","ping_status":"closed","sticky":false,"template":"","format":"standard","meta":{"jetpack_post_was_ever_published":false,"_jetpack_newsletter_access":"","_jetpack_dont_email_post_to_subs":false,"_jetpack_newsletter_tier_id":0,"_jetpack_memberships_contains_paywalled_content":false,"_jetpack_memberships_contains_paid_content":false,"footnotes":"","jetpack_publicize_message":"","jetpack_publicize_feature_enabled":true,"jetpack_social_post_already_shared":false,"jetpack_social_options":{"image_generator_settings":{"template":"highway","default_image_id":0,"font":"","enabled":false},"version":2}},"categories":[1],"tags":[],"class_list":["post-2263","post","type-post","status-publish","format-standard","hentry","category-allgemein"],"jetpack_publicize_connections":[],"jetpack_featured_media_url":"","jetpack_shortlink":"https:\/\/wp.me\/p2ZUr0-Av","jetpack_sharing_enabled":true,"_links":{"self":[{"href":"https:\/\/www.djk-erlangen.de\/fussball\/index.php?rest_route=\/wp\/v2\/posts\/2263","targetHints":{"allow":["GET"]}}],"collection":[{"href":"https:\/\/www.djk-erlangen.de\/fussball\/index.php?rest_route=\/wp\/v2\/posts"}],"about":[{"href":"https:\/\/www.djk-erlangen.de\/fussball\/index.php?rest_route=\/wp\/v2\/types\/post"}],"author":[{"embeddable":true,"href":"https:\/\/www.djk-erlangen.de\/fussball\/index.php?rest_route=\/wp\/v2\/users\/32"}],"replies":[{"embeddable":true,"href":"https:\/\/www.djk-erlangen.de\/fussball\/index.php?rest_route=%2Fwp%2Fv2%2Fcomments&post=2263"}],"version-history":[{"count":6,"href":"https:\/\/www.djk-erlangen.de\/fussball\/index.php?rest_route=\/wp\/v2\/posts\/2263\/revisions"}],"predecessor-version":[{"id":2269,"href":"https:\/\/www.djk-erlangen.de\/fussball\/index.php?rest_route=\/wp\/v2\/posts\/2263\/revisions\/2269"}],"wp:attachment":[{"href":"https:\/\/www.djk-erlangen.de\/fussball\/index.php?rest_route=%2Fwp%2Fv2%2Fmedia&parent=2263"}],"wp:term":[{"taxonomy":"category","embeddable":true,"href":"https:\/\/www.djk-erlangen.de\/fussball\/index.php?rest_route=%2Fwp%2Fv2%2Fcategories&post=2263"},{"taxonomy":"post_tag","embeddable":true,"href":"https:\/\/www.djk-erlangen.de\/fussball\/index.php?rest_route=%2Fwp%2Fv2%2Ftags&post=2263"}],"curies":[{"name":"wp","href":"https:\/\/api.w.org\/{rel}","templated":true}]}}