{"id":2211,"date":"2009-12-07T17:15:42","date_gmt":"2009-12-07T16:15:42","guid":{"rendered":"http:\/\/www.djk-erlangen.de\/fussball\/?p=2211"},"modified":"2009-12-07T17:15:49","modified_gmt":"2009-12-07T16:15:49","slug":"der-ruhmreiche-kommt-an-den-wiesenweg","status":"publish","type":"post","link":"https:\/\/www.djk-erlangen.de\/fussball\/?p=2211","title":{"rendered":"Der &#8222;Ruhmreiche&#8220; kommt an den Wiesenweg"},"content":{"rendered":"<p>wir freuen uns, bereits heute mitteilen zu k\u00f6nnen, da\u00df es uns gelungen ist, eine der zugkr\u00e4ftigsten Mannschaften aus der Region f\u00fcr unser Turnier zu begeistern und als feste Zusage bereits eingebucht haben. <!--more--><\/p>\n<p>Wir treffen beim 1. DJK Sommercup 2010 am 31.07. auf den ruhmreichen <strong>1. FC N\u00fcrnberg<\/strong>.<br \/>\nDer Club wird mit seinem kompletten Nachwuchskader der U8 Mannschaft zu uns an den Wiesenweg kommen.<\/p>\n<p>An dieser Stelle m\u00f6chte ich mich ganz herzlich bei\u00a0 Markus Kaiser vom 1. FCN f\u00fcr die schnelle und unkomplizierte Zusage bedanken.<\/p>\n<p>Mit weiteren attraktiven Mannschaften stehen wir in aussichtsreicher Verhandlung<\/p>\n<p>So k\u00f6nnen wir schon heute davon ausgehen, da\u00df wieder ein tolles Turnier mit attraktiven Mannschaften im Wiesengrund \u00fcber die B\u00fchne gehen wird und die Attraktivit\u00e4t der DjK sicher steigen wird.<\/p>\n<p>Nachdem das Teilnehmerfeld schon recht ausgebucht ist, stellen wir \u00dcberlegungen an auf 14 bzw. 16 Mannschaften zu erh\u00f6hen.<\/p>\n","protected":false},"excerpt":{"rendered":"<p>wir freuen uns, bereits heute mitteilen zu k\u00f6nnen, da\u00df es uns gelungen ist, eine der zugkr\u00e4ftigsten Mannschaften aus der Region f\u00fcr unser Turnier zu begeistern und als feste Zusage bereits eingebucht haben.<\/p>\n","protected":false},"author":32,"featured_media":0,"comment_status":"open","ping_status":"closed","sticky":false,"template":"","format":"standard","meta":{"jetpack_post_was_ever_published":false,"_jetpack_newsletter_access":"","_jetpack_dont_email_post_to_subs":false,"_jetpack_newsletter_tier_id":0,"_jetpack_memberships_contains_paywalled_content":false,"_jetpack_memberships_contains_paid_content":false,"footnotes":"","jetpack_publicize_message":"","jetpack_publicize_feature_enabled":true,"jetpack_social_post_already_shared":false,"jetpack_social_options":{"image_generator_settings":{"template":"highway","default_image_id":0,"font":"","enabled":false},"version":2}},"categories":[1],"tags":[],"class_list":["post-2211","post","type-post","status-publish","format-standard","hentry","category-allgemein"],"jetpack_publicize_connections":[],"jetpack_featured_media_url":"","jetpack_shortlink":"https:\/\/wp.me\/p2ZUr0-zF","jetpack_sharing_enabled":true,"_links":{"self":[{"href":"https:\/\/www.djk-erlangen.de\/fussball\/index.php?rest_route=\/wp\/v2\/posts\/2211","targetHints":{"allow":["GET"]}}],"collection":[{"href":"https:\/\/www.djk-erlangen.de\/fussball\/index.php?rest_route=\/wp\/v2\/posts"}],"about":[{"href":"https:\/\/www.djk-erlangen.de\/fussball\/index.php?rest_route=\/wp\/v2\/types\/post"}],"author":[{"embeddable":true,"href":"https:\/\/www.djk-erlangen.de\/fussball\/index.php?rest_route=\/wp\/v2\/users\/32"}],"replies":[{"embeddable":true,"href":"https:\/\/www.djk-erlangen.de\/fussball\/index.php?rest_route=%2Fwp%2Fv2%2Fcomments&post=2211"}],"version-history":[{"count":3,"href":"https:\/\/www.djk-erlangen.de\/fussball\/index.php?rest_route=\/wp\/v2\/posts\/2211\/revisions"}],"predecessor-version":[{"id":2214,"href":"https:\/\/www.djk-erlangen.de\/fussball\/index.php?rest_route=\/wp\/v2\/posts\/2211\/revisions\/2214"}],"wp:attachment":[{"href":"https:\/\/www.djk-erlangen.de\/fussball\/index.php?rest_route=%2Fwp%2Fv2%2Fmedia&parent=2211"}],"wp:term":[{"taxonomy":"category","embeddable":true,"href":"https:\/\/www.djk-erlangen.de\/fussball\/index.php?rest_route=%2Fwp%2Fv2%2Fcategories&post=2211"},{"taxonomy":"post_tag","embeddable":true,"href":"https:\/\/www.djk-erlangen.de\/fussball\/index.php?rest_route=%2Fwp%2Fv2%2Ftags&post=2211"}],"curies":[{"name":"wp","href":"https:\/\/api.w.org\/{rel}","templated":true}]}}