{"id":2095,"date":"2009-11-29T21:43:48","date_gmt":"2009-11-29T20:43:48","guid":{"rendered":"http:\/\/www.djk-erlangen.de\/fussball\/?p=2095"},"modified":"2009-12-01T11:24:01","modified_gmt":"2009-12-01T10:24:01","slug":"das-christkind-kann-kommen","status":"publish","type":"post","link":"https:\/\/www.djk-erlangen.de\/fussball\/?p=2095","title":{"rendered":"Das Christkind kann kommen"},"content":{"rendered":"<p>Zum Beginn des 1. Adventswochenende trafen sich die Kinder und Eltern der F-3 Jugend nebst G\u00e4sten und Sponsoren zur Weihnachtsfeier im gro\u00dfen Saal der DjK <!--more-->P\u00fcnktlich um 19.00 Uhr begannen wir in einem festlich geschm\u00fcckten Saal\u00a0 mit unserer Weihnachtsfeier. Der Lichterhimmel war \u00fcber den ganzen Wiesengrund durch die gro\u00dfen Panoramafenster sehr gut erkennbar. Die Tischdekoration mit Lebkuchen und N\u00fcssen nicht nur am Kindertisch wurde gro\u00dfz\u00fcgig angenommen und von allen Kindern vor dem eigentlichen Abendessen gro\u00dfz\u00fcgig verspeist. Der erste Hei\u00dfhunger war zumindest bei den Nachwuchskickern und den G\u00e4stekindern somit gestillt. Nach der allgemeinen Begr\u00fc\u00dfung mit Prosseco und Fingerfood\u00a0 wurde das reichhaltige italienische Buffet um 19.30 Uhr feierlich er\u00f6ffnet.<br \/>\nUnser Sportheimwirt Daniele hat alle Kunst der italienischen K\u00fcche ausgegraben und ein Bufett vom allerfeinsten in den Saal gezaubert.<\/p>\n<p>Von italienischer Antipasti mit verschiedenen Sorten Salami, Meeresfr\u00fcchte aller Art, Saltimbocca a\u00b4la Romana, Carpaccio, Brusscetta, uva. Vorspeisen mehr, gefolgt von\u00a0 Nudelvariationen bis hin zu Lendchen in Burgunderso\u00dfe begleitet von Rosmarinkartoffeln war alles dabei.<\/p>\n<p>Es hat allen wirklich super geschmeckt! An dieser Stelle ein ganz, ganz gro\u00dfer Dank an unseren Wirt mit seinem gesamten Team f\u00fcr die wirklich vorz\u00fcgliche Bewirtung, incl. der reibungslosen Getr\u00e4nkeversorgung f\u00fcr Alt und Jung.<\/p>\n<p>Die Kicker der F-3 vergn\u00fcgten sich in der Zeit der Einnahme des Essens der Erziehungsberechtigten teilweise mit Fu\u00dfballspielen bzw. mit dem \u00c4rgern verschiedener Personen und Kindern.<\/p>\n<p>Leider k\u00f6nnen Kinder nicht stundenlang auf ihren Hintern sitzen und zuh\u00f6ren! Sondern m\u00f6chten auch Ihren eigenen Lebensstil verinnerlichen!<br \/>\nEs war eine Weihnachtsfeier der Kinder der F-3 und keine Gesellschafterversammlung irgendeiner AG, oder sonstiger Institution.<br \/>\nBei der Djk stehen die Kinder im Vordergrund!<\/p>\n<p>&#8222;Vielleicht stellen uns ja gewisse Unverbesserliche in Zukunft bei Veranstaltungen kostenlos eine R\u00e4umlichkeit incl. Betreuung f\u00fcr die Kinder zur Verf\u00fcgung!&#8220;<\/p>\n<p>Nachdem die Kinder sich &#8222;ausgetobt&#8220; hatten, wurden die Pr\u00e4sente welche das Christkind bzw. der Nikolaus abgegeben hatten \u00fcberreicht.<\/p>\n<p>Die Laudatoren hatten f\u00fcr jedes Kind mindestens einen Zweizeiler parat und \u00fcberbrachten die hinterlassenen Geschenke.<\/p>\n<p>Unserem Mannschaftsf\u00fchrer Oliver war es dann \u00fcberlassen, die Gaben an die Sponsoren im Namen der Mannschaft zu \u00fcbergeben.<\/p>\n<p>Im Anschlu\u00df wurden noch die Trainer f\u00fcr Ihre geleistete Arbeit durch zahlreiche Geschenke best\u00e4tigt. Liebe Eltern, das war nicht n\u00f6tig, denn wir machen das gerne!<\/p>\n<p>Trotzdem ein ganz gro\u00dfer Dank an alle, die uns mit Eurem originellen Geschenk \u00fcberrascht haben!<\/p>\n<p>Das Nachspeisenbuffet wurde durch unsere Spielermamis selber gestaltet und auch sehr gut angenommen. An dieser Stelle unser Dank f\u00fcr Euer Engagement!<\/p>\n<p>Der gem\u00fctliche Abend konnte somit beginnen&#8230;&#8230;&#8230;&#8230;&#8230;&#8230;&#8230;&#8230;&#8230;&#8230;&#8230;&#8230;&#8230;&#8230;&#8230;&#8230;&#8230;&#8230;..<\/p>\n<p>Danke f\u00fcr Eure Unterst\u00fctzung, wir sind stolz auf Euch!!<\/p>\n<p>Thomas, J\u00fcrgen; Peter<\/p>\n","protected":false},"excerpt":{"rendered":"<p>Zum Beginn des 1. Adventswochenende trafen sich die Kinder und Eltern der F-3 Jugend nebst G\u00e4sten und Sponsoren zur Weihnachtsfeier im gro\u00dfen Saal der DjK<\/p>\n","protected":false},"author":32,"featured_media":0,"comment_status":"open","ping_status":"closed","sticky":false,"template":"","format":"standard","meta":{"jetpack_post_was_ever_published":false,"_jetpack_newsletter_access":"","_jetpack_dont_email_post_to_subs":false,"_jetpack_newsletter_tier_id":0,"_jetpack_memberships_contains_paywalled_content":false,"_jetpack_memberships_contains_paid_content":false,"footnotes":"","jetpack_publicize_message":"","jetpack_publicize_feature_enabled":true,"jetpack_social_post_already_shared":false,"jetpack_social_options":{"image_generator_settings":{"template":"highway","default_image_id":0,"font":"","enabled":false},"version":2}},"categories":[1],"tags":[],"class_list":["post-2095","post","type-post","status-publish","format-standard","hentry","category-allgemein"],"jetpack_publicize_connections":[],"jetpack_featured_media_url":"","jetpack_shortlink":"https:\/\/wp.me\/p2ZUr0-xN","jetpack_sharing_enabled":true,"_links":{"self":[{"href":"https:\/\/www.djk-erlangen.de\/fussball\/index.php?rest_route=\/wp\/v2\/posts\/2095","targetHints":{"allow":["GET"]}}],"collection":[{"href":"https:\/\/www.djk-erlangen.de\/fussball\/index.php?rest_route=\/wp\/v2\/posts"}],"about":[{"href":"https:\/\/www.djk-erlangen.de\/fussball\/index.php?rest_route=\/wp\/v2\/types\/post"}],"author":[{"embeddable":true,"href":"https:\/\/www.djk-erlangen.de\/fussball\/index.php?rest_route=\/wp\/v2\/users\/32"}],"replies":[{"embeddable":true,"href":"https:\/\/www.djk-erlangen.de\/fussball\/index.php?rest_route=%2Fwp%2Fv2%2Fcomments&post=2095"}],"version-history":[{"count":8,"href":"https:\/\/www.djk-erlangen.de\/fussball\/index.php?rest_route=\/wp\/v2\/posts\/2095\/revisions"}],"predecessor-version":[{"id":2100,"href":"https:\/\/www.djk-erlangen.de\/fussball\/index.php?rest_route=\/wp\/v2\/posts\/2095\/revisions\/2100"}],"wp:attachment":[{"href":"https:\/\/www.djk-erlangen.de\/fussball\/index.php?rest_route=%2Fwp%2Fv2%2Fmedia&parent=2095"}],"wp:term":[{"taxonomy":"category","embeddable":true,"href":"https:\/\/www.djk-erlangen.de\/fussball\/index.php?rest_route=%2Fwp%2Fv2%2Fcategories&post=2095"},{"taxonomy":"post_tag","embeddable":true,"href":"https:\/\/www.djk-erlangen.de\/fussball\/index.php?rest_route=%2Fwp%2Fv2%2Ftags&post=2095"}],"curies":[{"name":"wp","href":"https:\/\/api.w.org\/{rel}","templated":true}]}}