{"id":1969,"date":"2009-11-22T20:53:38","date_gmt":"2009-11-22T19:53:38","guid":{"rendered":"http:\/\/www.djk-erlangen.de\/fussball\/?p=1969"},"modified":"2009-11-26T20:09:07","modified_gmt":"2009-11-26T19:09:07","slug":"in-die-nachste-runde-der-hkm-gezittert","status":"publish","type":"post","link":"https:\/\/www.djk-erlangen.de\/fussball\/?p=1969","title":{"rendered":"In die n\u00e4chste Runde der HKM gezittert"},"content":{"rendered":"<p style=\"text-align: center;\">Es ist geschafft \u00fcber das wie spricht morgen schon keiner mehr.<\/p>\n<p style=\"text-align: center;\">Die Kinder der DJK F-3 haben die n\u00e4chste Runde der Hallenkreismeisterschaft erreicht!<\/p>\n<p><!--more-->Bei der Vorrunde der F-3 Junioren in der Halle in Spardorf trafen wir auf folgende Kontrahenten:<\/p>\n<p>SC Uttenreuth<br \/>\nTSV Frauenaurach<br \/>\nBSC Erlangen<br \/>\nTV 1848 Erlangen 2<\/p>\n<p style=\"text-align: left;\">Das erste Spiel gegen den BSC verlief auf ganz niedrigem Niveau und endete torlos.<br \/>\nIn der folgenden Partie gegen Frauenaurach\u00a0 merkte man da\u00df die DJK auf 8 Spieler krankheitsbedingt verzichten mu\u00dfte, da kein Spielflu\u00df aufkam und auch die Abstimmung untereinander nicht wie gewohnt funktionierte.<br \/>\nJeder einzelne Spieler hat alles gegeben, jedoch wollte das Tor nicht fallen, ja der gegnerische Kasten war wie vernagelt. Da mu\u00dfte dann schon ein Spieler aus den eigenen Reihen f\u00fcr die Entscheidung sorgen und buxierte den Ball nach einer Ecke in die eigenen Maschen, somit wurde dieses Match ungl\u00fccklich mit 0:1 verloren.<br \/>\nSomit war der Traum auf die n\u00e4chste Runde eigentlich schon nach dem zweiten Spiel ausgetr\u00e4umt, da man am heutigen Spieltag nicht mehr damit rechnen konnte, da\u00df sich die Torflaute noch legen k\u00f6nnte.<\/p>\n<p style=\"text-align: left;\">Gegen die spielst\u00e4rkste Mannschaft dieser Gruppe der SC Uttenreuth schien sich das Blatt zu wenden, denn unsere St\u00fcrmer waren endlich angekommen und prompt war es Benedikt der seine Farben in F\u00fchrung brachte. Es keimt kurz wieder Hoffnung, die jedoch im Gegenzug durch den Ausgleich wieder gen Nullpunkt sank. Endstand 1:1<\/p>\n<p style=\"text-align: left;\">Das Zittern der zahlreichen DJK Fans auf der Trib\u00fcne war sicherlich bis nach Erlangen zu h\u00f6ren, als die alles entscheidende Partie zwischen Frauenaurach und dem BSC angepfiffen wurde. Um rechnerisch vor dem letzten Gruppenspiel doch noch eine geringe Chance zu haben, durfte der BSC nicht gewinnen.<\/p>\n<p style=\"text-align: left;\">Auch wenn die Kinder der DJK und des BSC teilweise zusammen in die Klasse gehen und auch wir Trainer ein mehr als freundschaftliches Verh\u00e4ltnis haben, waren wir ausnahmsweise in diesem Moment Fans der anderen. Sorry!!<\/p>\n<p style=\"text-align: left;\">Das Zittern wurde anscheinend vom Fu\u00dfballgott wahrgenommen und dieser lie\u00df die Partie torlos enden.<\/p>\n<p style=\"text-align: left;\">Jetzt hatten wir wieder alles in der eigenen Hand, das letzte Spiel entscheidet \u00fcber Sein oder nicht Sein, Weiterkommen oder Winterpause, Blamage oder Kr\u00f6nung&#8230;&#8230;<br \/>\nDie Vorzeichen waren klar. Um in die n\u00e4chste Runde theoretisch einzuziehen mu\u00dften wir mit 2 Toren Unterschied gewinnen.<\/p>\n<p style=\"text-align: left;\">Der Gegner war kein geringer als der TVE! Sollte dieser diesmal wirklich das Z\u00fcnglein an der Waage sein?<\/p>\n<p style=\"text-align: left;\">Anfangs sah es gar nicht gut aus f\u00fcr die Jungs vom Wiesenweg. Nichts wollte gelingen, mehr oder weniger zeigte die Truppe erste Aufl\u00f6sungserscheinungen. Ob der Wechsel des Torh\u00fcters ins Sturmzentrum die richtige Entscheidung war? Fragen \u00fcber Fragen und das Spiel pl\u00e4tscherte so da hin.<\/p>\n<p style=\"text-align: left;\">Urpl\u00f6tzlich ging wie aus dem Nichts ein Ruck durch die Mannschaft. Aus stark handspielverd\u00e4chtiger Situation bediente unser Stammkeeper Luis, der zum Mittelfeldspieler f\u00fcr 2 Spiele umfunktioniert wurde, mit einem Musterpa\u00df den besser positionierten Kameraden Ben und dieser legte endlich seine Angst vor dem gegnerischen Geh\u00e4use an diesem Tage\u00a0 ab und verwandelte zum erl\u00f6senden 1:0 f\u00fcr die Wiesenweg Buben.<\/p>\n<p style=\"text-align: left;\">Die Trainer setzten alles auf eine Karte und stellten auf ein untypisches 1 zu 4 System um. Irgendwie mu\u00df die Filzkugel noch mindestens einmal ins Netz des TVE!<\/p>\n<p style=\"text-align: left;\">Wiederum Ben war es dann vorbehalten, die Verh\u00e4ltnisse klar zustellen und erl\u00f6ste mit zwei weiteren Treffern die Trainer und die zahlreich mitgereisten DJK Anh\u00e4nger.<\/p>\n<p style=\"text-align: left;\">Somit war klar, da\u00df wir dank des besseren Torverh\u00e4ltnis (von nur einem Tor) als Drittplazierter die n\u00e4chste Runde erreicht haben. Der Jubel in der Kabine war grenzenlos und die Kinder<br \/>\nsind sicherlich abgek\u00e4mpft und todm\u00fcde nach einem ereignisreichen Wochenende ins Bett gefallen.<\/p>\n<p style=\"text-align: left;\">Jungs, bitte verschont uns in Zukunft mit solchen Zitterspielen! Gl\u00fcckwunsch f\u00fcrs Weiterkommen!<\/p>\n<p style=\"text-align: left;\">Danke an die vielen Fans und Eltern f\u00fcr Eure tatkr\u00e4ftige Unterst\u00fctzung. Beate auch an Dich vielen lieben Dank f\u00fcr Deinen Einsatz bei der Versorgung unserer Verletzten.<\/p>\n<p style=\"text-align: left;\">\u00dcber die Auslosung der n\u00e4chsten Runde werdet Ihr seperat durch uns informiert.<\/p>\n<p>Aufgebot DJK: Luis; Lorenz G.; Alexander; Oliver; Benedikt; Ben; Jojo; Maxi; Dominik;<\/p>\n<p>Tore: Ben (3); Benedikt (1) ET (1)<\/p>\n","protected":false},"excerpt":{"rendered":"<p>Es ist geschafft \u00fcber das wie spricht morgen schon keiner mehr. Die Kinder der DJK F-3 haben die n\u00e4chste Runde der Hallenkreismeisterschaft erreicht!<\/p>\n","protected":false},"author":32,"featured_media":0,"comment_status":"open","ping_status":"closed","sticky":false,"template":"","format":"standard","meta":{"jetpack_post_was_ever_published":false,"_jetpack_newsletter_access":"","_jetpack_dont_email_post_to_subs":false,"_jetpack_newsletter_tier_id":0,"_jetpack_memberships_contains_paywalled_content":false,"_jetpack_memberships_contains_paid_content":false,"footnotes":"","jetpack_publicize_message":"","jetpack_publicize_feature_enabled":true,"jetpack_social_post_already_shared":false,"jetpack_social_options":{"image_generator_settings":{"template":"highway","default_image_id":0,"font":"","enabled":false},"version":2}},"categories":[1],"tags":[],"class_list":["post-1969","post","type-post","status-publish","format-standard","hentry","category-allgemein"],"jetpack_publicize_connections":[],"jetpack_featured_media_url":"","jetpack_shortlink":"https:\/\/wp.me\/p2ZUr0-vL","jetpack_sharing_enabled":true,"_links":{"self":[{"href":"https:\/\/www.djk-erlangen.de\/fussball\/index.php?rest_route=\/wp\/v2\/posts\/1969","targetHints":{"allow":["GET"]}}],"collection":[{"href":"https:\/\/www.djk-erlangen.de\/fussball\/index.php?rest_route=\/wp\/v2\/posts"}],"about":[{"href":"https:\/\/www.djk-erlangen.de\/fussball\/index.php?rest_route=\/wp\/v2\/types\/post"}],"author":[{"embeddable":true,"href":"https:\/\/www.djk-erlangen.de\/fussball\/index.php?rest_route=\/wp\/v2\/users\/32"}],"replies":[{"embeddable":true,"href":"https:\/\/www.djk-erlangen.de\/fussball\/index.php?rest_route=%2Fwp%2Fv2%2Fcomments&post=1969"}],"version-history":[{"count":7,"href":"https:\/\/www.djk-erlangen.de\/fussball\/index.php?rest_route=\/wp\/v2\/posts\/1969\/revisions"}],"predecessor-version":[{"id":2070,"href":"https:\/\/www.djk-erlangen.de\/fussball\/index.php?rest_route=\/wp\/v2\/posts\/1969\/revisions\/2070"}],"wp:attachment":[{"href":"https:\/\/www.djk-erlangen.de\/fussball\/index.php?rest_route=%2Fwp%2Fv2%2Fmedia&parent=1969"}],"wp:term":[{"taxonomy":"category","embeddable":true,"href":"https:\/\/www.djk-erlangen.de\/fussball\/index.php?rest_route=%2Fwp%2Fv2%2Fcategories&post=1969"},{"taxonomy":"post_tag","embeddable":true,"href":"https:\/\/www.djk-erlangen.de\/fussball\/index.php?rest_route=%2Fwp%2Fv2%2Ftags&post=1969"}],"curies":[{"name":"wp","href":"https:\/\/api.w.org\/{rel}","templated":true}]}}