{"id":1966,"date":"2009-12-01T10:45:09","date_gmt":"2009-12-01T09:45:09","guid":{"rendered":"http:\/\/www.djk-erlangen.de\/fussball\/?p=1966"},"modified":"2009-12-03T19:16:47","modified_gmt":"2009-12-03T18:16:47","slug":"weihnachtsfeier-der-g-jugend","status":"publish","type":"post","link":"https:\/\/www.djk-erlangen.de\/fussball\/?p=1966","title":{"rendered":"Weihnachtsfeier der G-Jugend"},"content":{"rendered":"<p>Liebe Eltern und Kinder!<\/p>\n<p>Unsere Weihnachtsfeier findet nun am <strong>5.12.2009 um 15:00 Uhr im gro\u00dfen Saal<\/strong> der DJK statt.<\/p>\n<p>Wie vorher besprochen, bringt jeder was mit ( Kaffee, Tee, Gl\u00fchwein, Kinderpunsch, Lebkuchen, Pl\u00e4tzchen).<\/p>\n<p>Sp\u00e4ter gibt es noch Pizza und Pommes f\u00fcr die Kinder.<br \/>\nDie Eltern k\u00f6nnen nat\u00fcrlich auch was essen!<\/p>\n","protected":false},"excerpt":{"rendered":"<p>Liebe Eltern und Kinder! Unsere Weihnachtsfeier findet nun am 5.12.2009 um 15:00 Uhr im gro\u00dfen Saal der DJK statt. Wie vorher besprochen, bringt jeder was mit ( Kaffee, Tee, Gl\u00fchwein, Kinderpunsch, Lebkuchen, Pl\u00e4tzchen). Sp\u00e4ter gibt es noch Pizza und Pommes &hellip; <a href=\"https:\/\/www.djk-erlangen.de\/fussball\/?p=1966\">Weiterlesen <span class=\"meta-nav\">&rarr;<\/span><\/a><\/p>\n","protected":false},"author":2,"featured_media":0,"comment_status":"open","ping_status":"closed","sticky":false,"template":"","format":"standard","meta":{"jetpack_post_was_ever_published":false,"_jetpack_newsletter_access":"","_jetpack_dont_email_post_to_subs":false,"_jetpack_newsletter_tier_id":0,"_jetpack_memberships_contains_paywalled_content":false,"_jetpack_memberships_contains_paid_content":false,"footnotes":"","jetpack_publicize_message":"","jetpack_publicize_feature_enabled":true,"jetpack_social_post_already_shared":false,"jetpack_social_options":{"image_generator_settings":{"template":"highway","default_image_id":0,"font":"","enabled":false},"version":2}},"categories":[14],"tags":[],"class_list":["post-1966","post","type-post","status-publish","format-standard","hentry","category-u7"],"jetpack_publicize_connections":[],"jetpack_featured_media_url":"","jetpack_shortlink":"https:\/\/wp.me\/p2ZUr0-vI","jetpack_sharing_enabled":true,"_links":{"self":[{"href":"https:\/\/www.djk-erlangen.de\/fussball\/index.php?rest_route=\/wp\/v2\/posts\/1966","targetHints":{"allow":["GET"]}}],"collection":[{"href":"https:\/\/www.djk-erlangen.de\/fussball\/index.php?rest_route=\/wp\/v2\/posts"}],"about":[{"href":"https:\/\/www.djk-erlangen.de\/fussball\/index.php?rest_route=\/wp\/v2\/types\/post"}],"author":[{"embeddable":true,"href":"https:\/\/www.djk-erlangen.de\/fussball\/index.php?rest_route=\/wp\/v2\/users\/2"}],"replies":[{"embeddable":true,"href":"https:\/\/www.djk-erlangen.de\/fussball\/index.php?rest_route=%2Fwp%2Fv2%2Fcomments&post=1966"}],"version-history":[{"count":3,"href":"https:\/\/www.djk-erlangen.de\/fussball\/index.php?rest_route=\/wp\/v2\/posts\/1966\/revisions"}],"predecessor-version":[{"id":2155,"href":"https:\/\/www.djk-erlangen.de\/fussball\/index.php?rest_route=\/wp\/v2\/posts\/1966\/revisions\/2155"}],"wp:attachment":[{"href":"https:\/\/www.djk-erlangen.de\/fussball\/index.php?rest_route=%2Fwp%2Fv2%2Fmedia&parent=1966"}],"wp:term":[{"taxonomy":"category","embeddable":true,"href":"https:\/\/www.djk-erlangen.de\/fussball\/index.php?rest_route=%2Fwp%2Fv2%2Fcategories&post=1966"},{"taxonomy":"post_tag","embeddable":true,"href":"https:\/\/www.djk-erlangen.de\/fussball\/index.php?rest_route=%2Fwp%2Fv2%2Ftags&post=1966"}],"curies":[{"name":"wp","href":"https:\/\/api.w.org\/{rel}","templated":true}]}}