{"id":1871,"date":"2009-11-15T20:24:34","date_gmt":"2009-11-15T19:24:34","guid":{"rendered":"http:\/\/www.djk-erlangen.de\/fussball\/?p=1871"},"modified":"2009-11-26T10:23:20","modified_gmt":"2009-11-26T09:23:20","slug":"weihnachtsfeier-f-3-junioren","status":"publish","type":"post","link":"https:\/\/www.djk-erlangen.de\/fussball\/?p=1871","title":{"rendered":"Weihnachtsfeier F-3 Junioren"},"content":{"rendered":"<p style=\"text-align: center;\"><img loading=\"lazy\" decoding=\"async\" class=\"size-medium wp-image-2058  aligncenter\" title=\"Weihnachten2006\" src=\"http:\/\/www.djk-erlangen.de\/fussball\/wp-content\/uploads\/2009\/11\/Weihnachten2006-300x140.png\" alt=\"Weihnachten2006\" width=\"300\" height=\"140\" srcset=\"https:\/\/www.djk-erlangen.de\/fussball\/wp-content\/uploads\/2009\/11\/Weihnachten2006-300x140.png 300w, https:\/\/www.djk-erlangen.de\/fussball\/wp-content\/uploads\/2009\/11\/Weihnachten2006-150x70.png 150w, https:\/\/www.djk-erlangen.de\/fussball\/wp-content\/uploads\/2009\/11\/Weihnachten2006.png 641w\" sizes=\"auto, (max-width: 300px) 100vw, 300px\" \/><\/p>\n<p style=\"text-align: center;\">Liebe Eltern, liebe Kinder, liebe G\u00f6nner,<\/p>\n<p style=\"text-align: center;\">die Weihnachtsfeier der F3 Junioren findet am Freitag, 27.11.09 im Saal der DJK statt. F\u00fcr das leibliche Wohl wird nat\u00fcrlich gesorgt!<br \/>\nEinla\u00df und Empfang ab 18.00 Uhr Buffeter\u00f6ffnung ca. 18.45 Uhr.<\/p>\n<p style=\"text-align: center;\">Sollte der Nikolaus nicht allzuviel zu tun haben, wird er nat\u00fcrlich bei uns vorbei schauen.<br \/>\nF\u00fcr die Kinder gibt es einige \u00dcberraschungen!<\/p>\n","protected":false},"excerpt":{"rendered":"<p>Liebe Eltern, liebe Kinder, liebe G\u00f6nner, die Weihnachtsfeier der F3 Junioren findet am Freitag, 27.11.09 im Saal der DJK statt. F\u00fcr das leibliche Wohl wird nat\u00fcrlich gesorgt! Einla\u00df und Empfang ab 18.00 Uhr Buffeter\u00f6ffnung ca. 18.45 Uhr. Sollte der Nikolaus &hellip; <a href=\"https:\/\/www.djk-erlangen.de\/fussball\/?p=1871\">Weiterlesen <span class=\"meta-nav\">&rarr;<\/span><\/a><\/p>\n","protected":false},"author":32,"featured_media":0,"comment_status":"open","ping_status":"closed","sticky":false,"template":"","format":"standard","meta":{"jetpack_post_was_ever_published":false,"_jetpack_newsletter_access":"","_jetpack_dont_email_post_to_subs":false,"_jetpack_newsletter_tier_id":0,"_jetpack_memberships_contains_paywalled_content":false,"_jetpack_memberships_contains_paid_content":false,"footnotes":"","jetpack_publicize_message":"","jetpack_publicize_feature_enabled":true,"jetpack_social_post_already_shared":false,"jetpack_social_options":{"image_generator_settings":{"template":"highway","default_image_id":0,"font":"","enabled":false},"version":2}},"categories":[1],"tags":[],"class_list":["post-1871","post","type-post","status-publish","format-standard","hentry","category-allgemein"],"jetpack_publicize_connections":[],"jetpack_featured_media_url":"","jetpack_shortlink":"https:\/\/wp.me\/p2ZUr0-ub","jetpack_sharing_enabled":true,"_links":{"self":[{"href":"https:\/\/www.djk-erlangen.de\/fussball\/index.php?rest_route=\/wp\/v2\/posts\/1871","targetHints":{"allow":["GET"]}}],"collection":[{"href":"https:\/\/www.djk-erlangen.de\/fussball\/index.php?rest_route=\/wp\/v2\/posts"}],"about":[{"href":"https:\/\/www.djk-erlangen.de\/fussball\/index.php?rest_route=\/wp\/v2\/types\/post"}],"author":[{"embeddable":true,"href":"https:\/\/www.djk-erlangen.de\/fussball\/index.php?rest_route=\/wp\/v2\/users\/32"}],"replies":[{"embeddable":true,"href":"https:\/\/www.djk-erlangen.de\/fussball\/index.php?rest_route=%2Fwp%2Fv2%2Fcomments&post=1871"}],"version-history":[{"count":7,"href":"https:\/\/www.djk-erlangen.de\/fussball\/index.php?rest_route=\/wp\/v2\/posts\/1871\/revisions"}],"predecessor-version":[{"id":1877,"href":"https:\/\/www.djk-erlangen.de\/fussball\/index.php?rest_route=\/wp\/v2\/posts\/1871\/revisions\/1877"}],"wp:attachment":[{"href":"https:\/\/www.djk-erlangen.de\/fussball\/index.php?rest_route=%2Fwp%2Fv2%2Fmedia&parent=1871"}],"wp:term":[{"taxonomy":"category","embeddable":true,"href":"https:\/\/www.djk-erlangen.de\/fussball\/index.php?rest_route=%2Fwp%2Fv2%2Fcategories&post=1871"},{"taxonomy":"post_tag","embeddable":true,"href":"https:\/\/www.djk-erlangen.de\/fussball\/index.php?rest_route=%2Fwp%2Fv2%2Ftags&post=1871"}],"curies":[{"name":"wp","href":"https:\/\/api.w.org\/{rel}","templated":true}]}}