{"id":1776,"date":"2009-11-14T14:09:58","date_gmt":"2009-11-14T13:09:58","guid":{"rendered":"http:\/\/www.djk-erlangen.de\/fussball\/?p=1776"},"modified":"2009-11-14T18:22:02","modified_gmt":"2009-11-14T17:22:02","slug":"glanzvoller-auftritt-zum-saisonfinale-bei-der-spvgg-erlangen","status":"publish","type":"post","link":"https:\/\/www.djk-erlangen.de\/fussball\/?p=1776","title":{"rendered":"Glanzvoller Auftritt zum Saisonfinale bei der Spvgg Erlangen"},"content":{"rendered":"<p>Mit etwas gemischten Gef\u00fchlen fuhren wir heute fr\u00fch zum Sportgel\u00e4nde an der Kurt-Schuhmacher Stra\u00dfe. Perfekte \u00e4u\u00dfere Bedingungen und ein bestens pr\u00e4parierter Untergrund luden f\u00f6rmlich ein, am Samstag morgen Fu\u00dfball zu spielen.<!--more--><\/p>\n<p>Durch einen krankheitsbedingten Ausfall und anderen Verhinderungen mu\u00dften wir unser System ein wenig umstellen und beim bis dato souver\u00e4nen und ungeschlagenen Tabellenf\u00fchrer die Truppe offensiver ausrichten, was die Mannschaft auch prompt umsetzte.<\/p>\n<p style=\"text-align: center;\"><a href=\"http:\/\/www.djk-erlangen.de\/fussball\/wp-content\/uploads\/2009\/11\/11.09-sieg-spieli-265.jpg\"><img loading=\"lazy\" decoding=\"async\" class=\"size-medium wp-image-1788    aligncenter\" title=\"11.09 sieg spieli 265\" src=\"http:\/\/www.djk-erlangen.de\/fussball\/wp-content\/uploads\/2009\/11\/11.09-sieg-spieli-265-300x262.jpg\" alt=\"11.09 sieg spieli 265\" width=\"300\" height=\"262\" srcset=\"https:\/\/www.djk-erlangen.de\/fussball\/wp-content\/uploads\/2009\/11\/11.09-sieg-spieli-265-300x262.jpg 300w, https:\/\/www.djk-erlangen.de\/fussball\/wp-content\/uploads\/2009\/11\/11.09-sieg-spieli-265-150x131.jpg 150w, https:\/\/www.djk-erlangen.de\/fussball\/wp-content\/uploads\/2009\/11\/11.09-sieg-spieli-265.JPG 720w\" sizes=\"auto, (max-width: 300px) 100vw, 300px\" \/><\/a><\/p>\n<p>Unsere Mittelfeldachse agierte heute wieder gewohnt spielfreudig und sicher und setzten unseren heute als Sto\u00dfst\u00fcrmer eingesetzten Benedikt immer wieder markant in Szene. Letzendlich fehlte nur der erl\u00f6sende F\u00fchrungstreffer.<\/p>\n<p>Einen der sch\u00f6nsten Spielz\u00fcge der Partie schlo\u00df unser Fl\u00fcgelflitzer Ben in Spielminute 7. mit einem Traumtor ab. Von nun an spielten die Wiesenweg Buben wie entfesselt auf und dr\u00e4ngten die Spieli mehr und mehr in die eigene H\u00e4lfte. Gerade in dieser Phase des Spiels verhalf der Pfosten und die Latte sowie ein gl\u00e4nzend aufgelegter Torw\u00e4chter da\u00df wir zur Pause nicht schon deutlicher in F\u00fchrung lagen.<\/p>\n<p>Nach dem Seitenwechsel das gleiche Bild. Die DJK war heute hier der Herr im Haus und verwaltete geschickt und abgekl\u00e4rt den knappen Vorsprung.<br \/>\nEs bewahrheitete sich wieder da\u00df &#8222;verwalten&#8220; nicht unsere Art ist Fu\u00dfball zu spielen. Die Spieli kam jetzt immer besser ins Spiel und st\u00fcrmte das eine oder andere Mal gef\u00e4hrlich vor unseren Kasten. Ein gl\u00e4nzend aufgelegter, spielstarker Kapit\u00e4n mit seinem Abwehrkameraden und als letzte Sicherung unser Torh\u00fcter, verhinderten im Verbund mehrmals den Ausgleich.<\/p>\n<p style=\"text-align: center;\"><a href=\"http:\/\/www.djk-erlangen.de\/fussball\/wp-content\/uploads\/2009\/11\/11.09-sieg-spieli-335.jpg\"><img loading=\"lazy\" decoding=\"async\" class=\"size-medium wp-image-1806    aligncenter\" title=\"11.09 sieg spieli 335\" src=\"http:\/\/www.djk-erlangen.de\/fussball\/wp-content\/uploads\/2009\/11\/11.09-sieg-spieli-335-294x300.jpg\" alt=\"11.09 sieg spieli 335\" width=\"294\" height=\"300\" srcset=\"https:\/\/www.djk-erlangen.de\/fussball\/wp-content\/uploads\/2009\/11\/11.09-sieg-spieli-335-294x300.jpg 294w, https:\/\/www.djk-erlangen.de\/fussball\/wp-content\/uploads\/2009\/11\/11.09-sieg-spieli-335-147x150.jpg 147w, https:\/\/www.djk-erlangen.de\/fussball\/wp-content\/uploads\/2009\/11\/11.09-sieg-spieli-335.JPG 629w\" sizes=\"auto, (max-width: 294px) 100vw, 294px\" \/><\/a><\/p>\n<p>Die Trainer r\u00fcttelten die Truppe wieder wach und wechselten auf den verschiedensten Positionen durch und schon kam die Maschinerie wieder ins Rollen. Letztendlich war es wieder mal unser Daniel der in der 28. Minute f\u00fcr die Vorentscheidung sorgte.<\/p>\n<p>Die Wallinger Sch\u00fctzlinge hatten dann noch die eine oder andere 100% ige Torchance welche str\u00e4flich vergeben wurden, bzw. durch zu viel Eigensinn und den fehlenden Blick f\u00fcr den besser positionierten Mitspieler zunichte gemacht wurde.<\/p>\n<p>So verlie\u00dfen wir dann als verdienter Sieger das Sportgel\u00e4nde und k\u00f6nnen uns nun in aller Ruhe auf die bevorstehende Hallenkreismeisterschaft am 22.11.09 in Spardorf vorbereiten.<\/p>\n<p>Tja, wer h\u00e4tte das gedacht! Als einzige Mannschaft haben wir dem Klassenprimus eine Niederlage beigef\u00fcgt und sind dar\u00fcberhinaus auch als einzige Mannschaft in der R\u00fcckrunde ungeschlagen. Lediglich Eltersdorf enf\u00fchrte vom Wiesenweg einen Punkt.<\/p>\n<h3 style=\"text-align: center;\"><span style=\"color: #000000;\"><strong>Jungs, wir alle sind m\u00e4chtig stolz auf Euch!!! <\/strong><\/span><\/h3>\n<p style=\"text-align: center;\"><a href=\"http:\/\/www.djk-erlangen.de\/fussball\/wp-content\/uploads\/2009\/11\/11.09-sieg-spieli-349.jpg\"><img loading=\"lazy\" decoding=\"async\" class=\"size-medium wp-image-1809     aligncenter\" title=\"11.09 sieg spieli 349\" src=\"http:\/\/www.djk-erlangen.de\/fussball\/wp-content\/uploads\/2009\/11\/11.09-sieg-spieli-349-300x204.jpg\" alt=\"11.09 sieg spieli 349\" width=\"300\" height=\"204\" srcset=\"https:\/\/www.djk-erlangen.de\/fussball\/wp-content\/uploads\/2009\/11\/11.09-sieg-spieli-349-300x204.jpg 300w, https:\/\/www.djk-erlangen.de\/fussball\/wp-content\/uploads\/2009\/11\/11.09-sieg-spieli-349-150x102.jpg 150w, https:\/\/www.djk-erlangen.de\/fussball\/wp-content\/uploads\/2009\/11\/11.09-sieg-spieli-349.JPG 912w\" sizes=\"auto, (max-width: 300px) 100vw, 300px\" \/><\/a><\/p>\n<p>Vor Rundenbeginn wurden wir als Schie\u00dfbude der Gruppe und Kanonenfutter bezeichnet. Hohe zweistellige Niederlagen prophezeit und alles was einstellig bleibt, ist als Erfolg zu werten. Kein Pfifferling wurde auf uns gesetzt.<\/p>\n<p>Damit haben wir uns nicht abgefunden! Akribische Trainingseinheiten bei denen immer der Faktor Spa\u00df dabei war. Anst\u00e4ndige Arbeit auf dem Trainingsgel\u00e4nde und die volle Unterst\u00fctzung der Eltern haben es erm\u00f6glicht eine Mannschaft wachsen zu lassen. Wir Trainer haben immer an die Mannschaft geglaubt, selbst nach den schmerzhaften Auftaktniederlagen in Eltersdorf\u00a0 und Bruck.<\/p>\n<p>Woche f\u00fcr Woche hat sich die Mannschaft gesteigert und zusammengefunden.<br \/>\nSelbst die Kinder welche uns ab und an aus der G-Jugend unterst\u00fctzt haben, f\u00fcgten sich nahtlos ein.<\/p>\n<p style=\"text-align: center;\"><a href=\"http:\/\/www.djk-erlangen.de\/fussball\/wp-content\/uploads\/2009\/11\/11.09-sieg-spieli-240.jpg\"><img loading=\"lazy\" decoding=\"async\" class=\"size-medium wp-image-1784  aligncenter\" title=\"11.09 sieg spieli 240\" src=\"http:\/\/www.djk-erlangen.de\/fussball\/wp-content\/uploads\/2009\/11\/11.09-sieg-spieli-240-300x203.jpg\" alt=\"11.09 sieg spieli 240\" width=\"300\" height=\"203\" srcset=\"https:\/\/www.djk-erlangen.de\/fussball\/wp-content\/uploads\/2009\/11\/11.09-sieg-spieli-240-300x203.jpg 300w, https:\/\/www.djk-erlangen.de\/fussball\/wp-content\/uploads\/2009\/11\/11.09-sieg-spieli-240-150x101.jpg 150w, https:\/\/www.djk-erlangen.de\/fussball\/wp-content\/uploads\/2009\/11\/11.09-sieg-spieli-240.JPG 912w\" sizes=\"auto, (max-width: 300px) 100vw, 300px\" \/><\/a><\/p>\n<p>Belohnt haben sich die Jungs am Ende mit einem hervorragenden 3. Tabellenplatz! Auch das Torverh\u00e4ltnis ist deutlich besser als jeder im Vorfeld erwarten konnte.\u00a0 Somit d\u00fcrfte auch der letzte Kritiker verstummt sein.<\/p>\n<p>Ab jetzt gilt es, die erbrachten Leistungen auf die Hallenrunde zu \u00fcbertragen um dort ebenfalls erfolgreich mit zuspielen und auch den einen oder anderen &#8222;Gro\u00dfen&#8220; zu \u00e4rgern.<\/p>\n<p>Auf vielfachen Wunsch trainieren wir am Dienstag, 17.11.09 wie gewohnt um 17.00 auf dem B-Platz unter Flutlicht und am Mittwoch 18.11.09 wie angek\u00fcndigt in der Europahalle. Treffpunkt 16.45 Uhr<\/p>\n<p>Aufgebot: Luis; Daniel; Alexander; Oliver; Lorenz; Benedikt; Ben, Mike; Elias; Dominik<\/p>\n","protected":false},"excerpt":{"rendered":"<p>Mit etwas gemischten Gef\u00fchlen fuhren wir heute fr\u00fch zum Sportgel\u00e4nde an der Kurt-Schuhmacher Stra\u00dfe. Perfekte \u00e4u\u00dfere Bedingungen und ein bestens pr\u00e4parierter Untergrund luden f\u00f6rmlich ein, am Samstag morgen Fu\u00dfball zu spielen.<\/p>\n","protected":false},"author":32,"featured_media":0,"comment_status":"open","ping_status":"closed","sticky":false,"template":"","format":"standard","meta":{"jetpack_post_was_ever_published":false,"_jetpack_newsletter_access":"","_jetpack_dont_email_post_to_subs":false,"_jetpack_newsletter_tier_id":0,"_jetpack_memberships_contains_paywalled_content":false,"_jetpack_memberships_contains_paid_content":false,"footnotes":"","jetpack_publicize_message":"","jetpack_publicize_feature_enabled":true,"jetpack_social_post_already_shared":false,"jetpack_social_options":{"image_generator_settings":{"template":"highway","default_image_id":0,"font":"","enabled":false},"version":2}},"categories":[1],"tags":[],"class_list":["post-1776","post","type-post","status-publish","format-standard","hentry","category-allgemein"],"jetpack_publicize_connections":[],"jetpack_featured_media_url":"","jetpack_shortlink":"https:\/\/wp.me\/p2ZUr0-sE","jetpack_sharing_enabled":true,"_links":{"self":[{"href":"https:\/\/www.djk-erlangen.de\/fussball\/index.php?rest_route=\/wp\/v2\/posts\/1776","targetHints":{"allow":["GET"]}}],"collection":[{"href":"https:\/\/www.djk-erlangen.de\/fussball\/index.php?rest_route=\/wp\/v2\/posts"}],"about":[{"href":"https:\/\/www.djk-erlangen.de\/fussball\/index.php?rest_route=\/wp\/v2\/types\/post"}],"author":[{"embeddable":true,"href":"https:\/\/www.djk-erlangen.de\/fussball\/index.php?rest_route=\/wp\/v2\/users\/32"}],"replies":[{"embeddable":true,"href":"https:\/\/www.djk-erlangen.de\/fussball\/index.php?rest_route=%2Fwp%2Fv2%2Fcomments&post=1776"}],"version-history":[{"count":9,"href":"https:\/\/www.djk-erlangen.de\/fussball\/index.php?rest_route=\/wp\/v2\/posts\/1776\/revisions"}],"predecessor-version":[{"id":1817,"href":"https:\/\/www.djk-erlangen.de\/fussball\/index.php?rest_route=\/wp\/v2\/posts\/1776\/revisions\/1817"}],"wp:attachment":[{"href":"https:\/\/www.djk-erlangen.de\/fussball\/index.php?rest_route=%2Fwp%2Fv2%2Fmedia&parent=1776"}],"wp:term":[{"taxonomy":"category","embeddable":true,"href":"https:\/\/www.djk-erlangen.de\/fussball\/index.php?rest_route=%2Fwp%2Fv2%2Fcategories&post=1776"},{"taxonomy":"post_tag","embeddable":true,"href":"https:\/\/www.djk-erlangen.de\/fussball\/index.php?rest_route=%2Fwp%2Fv2%2Ftags&post=1776"}],"curies":[{"name":"wp","href":"https:\/\/api.w.org\/{rel}","templated":true}]}}