{"id":1719,"date":"2009-11-07T17:00:48","date_gmt":"2009-11-07T16:00:48","guid":{"rendered":"http:\/\/www.djk-erlangen.de\/fussball\/?p=1719"},"modified":"2009-11-15T13:24:20","modified_gmt":"2009-11-15T12:24:20","slug":"tsv-vestenbergsgreuth-ah-djk-erlangen-ah-31-freitag-6-november-2009-1830h","status":"publish","type":"post","link":"https:\/\/www.djk-erlangen.de\/fussball\/?p=1719","title":{"rendered":"TSV Vestenbergsgreuth AH &#8211; DJK Erlangen AH .:. <strong>3:1<\/strong> .:.<h5><strong>Freitag, 6. November 2009, 18:30h<\/strong><\/h5>"},"content":{"rendered":"<p><strong>Torsch\u00fctze<\/strong>: Markus G.<\/p>\n<p>In der ersten Halbzeit konnte die DJK das Spiel noch ganz gut gestalten und man ging auch durch einen sch\u00f6nen Spielzug mit 1:0 durch Markus G. in F\u00fchrung.<\/p>\n<p>Mit zunehmender Spieldauer nahmen die V&#8217;greuther das Spiel jedoch mehr und mehr in die Hand und gewannen durch ihre spielerische \u00dcberlegenheit am Ende verdient mit 3:1.<br \/>\nNur bei konsequenter Ausnutzung der sich zwischendurch bietenden Torchancen h\u00e4tte die DJK das Ergebnis etwas angenehmer gestalten k\u00f6nnen.<\/p>\n","protected":false},"excerpt":{"rendered":"<p>Torsch\u00fctze: Markus G. In der ersten Halbzeit konnte die DJK das Spiel noch ganz gut gestalten und man ging auch durch einen sch\u00f6nen Spielzug mit 1:0 durch Markus G. in F\u00fchrung. Mit zunehmender Spieldauer nahmen die V&#8217;greuther das Spiel jedoch &hellip; <a href=\"https:\/\/www.djk-erlangen.de\/fussball\/?p=1719\">Weiterlesen <span class=\"meta-nav\">&rarr;<\/span><\/a><\/p>\n","protected":false},"author":3,"featured_media":0,"comment_status":"open","ping_status":"closed","sticky":false,"template":"","format":"standard","meta":{"jetpack_post_was_ever_published":false,"_jetpack_newsletter_access":"","_jetpack_dont_email_post_to_subs":false,"_jetpack_newsletter_tier_id":0,"_jetpack_memberships_contains_paywalled_content":false,"_jetpack_memberships_contains_paid_content":false,"footnotes":"","jetpack_publicize_message":"","jetpack_publicize_feature_enabled":true,"jetpack_social_post_already_shared":false,"jetpack_social_options":{"image_generator_settings":{"template":"highway","default_image_id":0,"font":"","enabled":false},"version":2}},"categories":[4],"tags":[],"class_list":["post-1719","post","type-post","status-publish","format-standard","hentry","category-ah"],"jetpack_publicize_connections":[],"jetpack_featured_media_url":"","jetpack_shortlink":"https:\/\/wp.me\/p2ZUr0-rJ","jetpack_sharing_enabled":true,"_links":{"self":[{"href":"https:\/\/www.djk-erlangen.de\/fussball\/index.php?rest_route=\/wp\/v2\/posts\/1719","targetHints":{"allow":["GET"]}}],"collection":[{"href":"https:\/\/www.djk-erlangen.de\/fussball\/index.php?rest_route=\/wp\/v2\/posts"}],"about":[{"href":"https:\/\/www.djk-erlangen.de\/fussball\/index.php?rest_route=\/wp\/v2\/types\/post"}],"author":[{"embeddable":true,"href":"https:\/\/www.djk-erlangen.de\/fussball\/index.php?rest_route=\/wp\/v2\/users\/3"}],"replies":[{"embeddable":true,"href":"https:\/\/www.djk-erlangen.de\/fussball\/index.php?rest_route=%2Fwp%2Fv2%2Fcomments&post=1719"}],"version-history":[{"count":5,"href":"https:\/\/www.djk-erlangen.de\/fussball\/index.php?rest_route=\/wp\/v2\/posts\/1719\/revisions"}],"predecessor-version":[{"id":1834,"href":"https:\/\/www.djk-erlangen.de\/fussball\/index.php?rest_route=\/wp\/v2\/posts\/1719\/revisions\/1834"}],"wp:attachment":[{"href":"https:\/\/www.djk-erlangen.de\/fussball\/index.php?rest_route=%2Fwp%2Fv2%2Fmedia&parent=1719"}],"wp:term":[{"taxonomy":"category","embeddable":true,"href":"https:\/\/www.djk-erlangen.de\/fussball\/index.php?rest_route=%2Fwp%2Fv2%2Fcategories&post=1719"},{"taxonomy":"post_tag","embeddable":true,"href":"https:\/\/www.djk-erlangen.de\/fussball\/index.php?rest_route=%2Fwp%2Fv2%2Ftags&post=1719"}],"curies":[{"name":"wp","href":"https:\/\/api.w.org\/{rel}","templated":true}]}}