{"id":1620,"date":"2009-10-27T20:31:18","date_gmt":"2009-10-27T19:31:18","guid":{"rendered":"http:\/\/www.djk-erlangen.de\/fussball\/?p=1620"},"modified":"2009-10-27T22:51:21","modified_gmt":"2009-10-27T21:51:21","slug":"schafkopfrennen-beim-bsc-erlangen","status":"publish","type":"post","link":"https:\/\/www.djk-erlangen.de\/fussball\/?p=1620","title":{"rendered":"Schafkopfrennen beim BSC Erlangen"},"content":{"rendered":"<p>Termin: Freitag, 06.11.2009, 20:00 Uhr im Sportheim, Schallershofer Strasse 70a<\/p>\n<p>Vom BSC-Erlangen liegt eine Einladung zu deren traditionellen Schafkopfrennen vor. Eine besonders herzliche\u00a0Einladung\u00a0geht an die DJK Erlangen.<\/p>\n<p>Warum machen wir Werbung f\u00fcr den BSC Erlangen?\u00a0<!--more--><\/p>\n<p>Bei unserem\u00a0Nachbarverein nehmen derzeit 14 Jugendliche\u00a0der DJK in den Alterklassen U13\/U15 am regelm\u00e4\u00dfigen Traings- und Spielbetrieb unter der Leitung des BSC teil. Diese, vorerst auf eine Saison begrenzte Kooperation, erm\u00f6glicht unseren Jugendlichen die regelm\u00e4\u00dfige Teilnahme am Gro\u00dffeld-Spielbetrieb.<\/p>\n<p>Der Erl\u00f6s des Schafkopfrennens geht ausschlie\u00dflich in die Finanzierung der Weihnachtsfeier der Fu\u00dfballjugend des BSC. Auf diese Feier sind nat\u00fcrlich auch unsere Jugendlichen mit eingeladen.<\/p>\n<p>Bitte unterst\u00fctzt durch die Teilnahme die guten nachbarlichen Beziehungen zu unseren Sportfreunden des BSC Erlangen.<\/p>\n<p>Offizielles Einladungsschreiben:<\/p>\n<div id=\"attachment_1623\" style=\"width: 212px\" class=\"wp-caption alignnone\"><a href=\"http:\/\/www.djk-erlangen.de\/fussball\/wp-content\/uploads\/2009\/10\/BSC-Schafkopfturnier.jpg\"><img loading=\"lazy\" decoding=\"async\" aria-describedby=\"caption-attachment-1623\" class=\"size-medium wp-image-1623 \" src=\"http:\/\/www.djk-erlangen.de\/fussball\/wp-content\/uploads\/2009\/10\/BSC-Schafkopfturnier-202x300.jpg\" alt=\"BSC Schafkopfrennen\" width=\"202\" height=\"300\" srcset=\"https:\/\/www.djk-erlangen.de\/fussball\/wp-content\/uploads\/2009\/10\/BSC-Schafkopfturnier-202x300.jpg 202w, https:\/\/www.djk-erlangen.de\/fussball\/wp-content\/uploads\/2009\/10\/BSC-Schafkopfturnier-101x150.jpg 101w, https:\/\/www.djk-erlangen.de\/fussball\/wp-content\/uploads\/2009\/10\/BSC-Schafkopfturnier-692x1024.jpg 692w, https:\/\/www.djk-erlangen.de\/fussball\/wp-content\/uploads\/2009\/10\/BSC-Schafkopfturnier.jpg 803w\" sizes=\"auto, (max-width: 202px) 100vw, 202px\" \/><\/a><p id=\"caption-attachment-1623\" class=\"wp-caption-text\">BSC Schafkopfrennen<\/p><\/div>\n","protected":false},"excerpt":{"rendered":"<p>Termin: Freitag, 06.11.2009, 20:00 Uhr im Sportheim, Schallershofer Strasse 70a Vom BSC-Erlangen liegt eine Einladung zu deren traditionellen Schafkopfrennen vor. Eine besonders herzliche\u00a0Einladung\u00a0geht an die DJK Erlangen. Warum machen wir Werbung f\u00fcr den BSC Erlangen?\u00a0<\/p>\n","protected":false},"author":32,"featured_media":0,"comment_status":"open","ping_status":"closed","sticky":false,"template":"","format":"standard","meta":{"jetpack_post_was_ever_published":false,"_jetpack_newsletter_access":"","_jetpack_dont_email_post_to_subs":false,"_jetpack_newsletter_tier_id":0,"_jetpack_memberships_contains_paywalled_content":false,"_jetpack_memberships_contains_paid_content":false,"footnotes":"","jetpack_publicize_message":"","jetpack_publicize_feature_enabled":true,"jetpack_social_post_already_shared":false,"jetpack_social_options":{"image_generator_settings":{"template":"highway","default_image_id":0,"font":"","enabled":false},"version":2}},"categories":[10,11],"tags":[],"class_list":["post-1620","post","type-post","status-publish","format-standard","hentry","category-u13","category-u15"],"jetpack_publicize_connections":[],"jetpack_featured_media_url":"","jetpack_shortlink":"https:\/\/wp.me\/p2ZUr0-q8","jetpack_sharing_enabled":true,"_links":{"self":[{"href":"https:\/\/www.djk-erlangen.de\/fussball\/index.php?rest_route=\/wp\/v2\/posts\/1620","targetHints":{"allow":["GET"]}}],"collection":[{"href":"https:\/\/www.djk-erlangen.de\/fussball\/index.php?rest_route=\/wp\/v2\/posts"}],"about":[{"href":"https:\/\/www.djk-erlangen.de\/fussball\/index.php?rest_route=\/wp\/v2\/types\/post"}],"author":[{"embeddable":true,"href":"https:\/\/www.djk-erlangen.de\/fussball\/index.php?rest_route=\/wp\/v2\/users\/32"}],"replies":[{"embeddable":true,"href":"https:\/\/www.djk-erlangen.de\/fussball\/index.php?rest_route=%2Fwp%2Fv2%2Fcomments&post=1620"}],"version-history":[{"count":15,"href":"https:\/\/www.djk-erlangen.de\/fussball\/index.php?rest_route=\/wp\/v2\/posts\/1620\/revisions"}],"predecessor-version":[{"id":1646,"href":"https:\/\/www.djk-erlangen.de\/fussball\/index.php?rest_route=\/wp\/v2\/posts\/1620\/revisions\/1646"}],"wp:attachment":[{"href":"https:\/\/www.djk-erlangen.de\/fussball\/index.php?rest_route=%2Fwp%2Fv2%2Fmedia&parent=1620"}],"wp:term":[{"taxonomy":"category","embeddable":true,"href":"https:\/\/www.djk-erlangen.de\/fussball\/index.php?rest_route=%2Fwp%2Fv2%2Fcategories&post=1620"},{"taxonomy":"post_tag","embeddable":true,"href":"https:\/\/www.djk-erlangen.de\/fussball\/index.php?rest_route=%2Fwp%2Fv2%2Ftags&post=1620"}],"curies":[{"name":"wp","href":"https:\/\/api.w.org\/{rel}","templated":true}]}}