{"id":15752,"date":"2023-07-26T22:17:41","date_gmt":"2023-07-26T20:17:41","guid":{"rendered":"https:\/\/www.djk-erlangen.de\/fussball\/?p=15752"},"modified":"2023-07-26T22:17:41","modified_gmt":"2023-07-26T20:17:41","slug":"rundenabschluss-mit-pokalsieg","status":"publish","type":"post","link":"https:\/\/www.djk-erlangen.de\/fussball\/?p=15752","title":{"rendered":"Rundenabschluss mit Pokalsieg"},"content":{"rendered":"\n<p>Am vergangenen Dienstag, 18. Juli 2023, bestritt unsere F3 das Kreispokalfinale. Zu Gast war die DJK Eggolsheim. Beide Teams h\u00e4tten eine spannende Runde hinter sich, w\u00e4hrend die G\u00e4ste unter anderem einen 0:4-R\u00fcckstand in He\u00dfdorf auf dem Weg ins Finale drehen m\u00fcssten, machten es unsere Jungs zweimal spannend und erl\u00f6sten die Zuschauer im 8-Meter-Schie\u00dfen. Eines dieser Spiele war unter anderem das Halbfinale gegen den Nachbarn TV 48 Erlangen. Hier gingen die Jungs motiviert bis in die Haarspitzen insSpiel und konnten sich am Ende belohnen.<\/p>\n\n\n\n<p>Im Finale ging es von Beginn an hei\u00df her und beide Fanlager unterst\u00fctzen ihre Kids lautstark, aber jederzeit fair. Immer wieder taten sich Torchancen auf, doch der Ball wollte auf keiner der beiden Seiten \u00fcber die Linie. So kam es zum dritten 8m-Schie\u00dfen in dieser Runde f\u00fcr den gr\u00fcn-wei\u00dfen Nachwuchs. Mit Nerven wie Stahlseilen traten unsere Sch\u00fctzen an und so stand nach f\u00fcr beide Teams vier geschossenen Achtmetern dann unsere F3 als der gl\u00fcckliche Sieger fest.<\/p>\n\n\n\n<p>Nachdem die Jungs ihren Sieg bejubelt, aber auch die Zweitplatzierten f\u00fcr ihre super Leistung beklatscht haben, bekamen die Spieler im Rahmen der Siegerehrung von Spielleiter Norbert Kn\u00f6sel ihre Medaillen \u00fcberreicht. Im Anschluss feierten sich beide Teams mit von den G\u00e4sten mitgebrachten Eis auf dem Platz f\u00fcr ihre starke Leistung.<\/p>\n\n\n\n<p>Wir bedanken uns nochmals bei unseren tollen G\u00e4sten, f\u00fcr den tollen, fairen Support. Es ist uns immer wieder eine Freude euch bei uns begr\u00fc\u00dfen zu d\u00fcrfen. Viel Erfolg f\u00fcr die kommende Saison.<\/p>\n\n\n\n<div class=\"wp-block-jetpack-slideshow aligncenter\" data-effect=\"slide\"><div class=\"wp-block-jetpack-slideshow_container swiper-container\"><ul class=\"wp-block-jetpack-slideshow_swiper-wrapper swiper-wrapper\"><li class=\"wp-block-jetpack-slideshow_slide swiper-slide\"><figure><img loading=\"lazy\" decoding=\"async\" width=\"1024\" height=\"768\" alt=\"\" class=\"wp-block-jetpack-slideshow_image wp-image-15759\" data-id=\"15759\" src=\"https:\/\/www.djk-erlangen.de\/fussball\/wp-content\/uploads\/2023\/07\/PXL_20230718_162740767-1024x768.jpg\" srcset=\"https:\/\/www.djk-erlangen.de\/fussball\/wp-content\/uploads\/2023\/07\/PXL_20230718_162740767-1024x768.jpg 1024w, https:\/\/www.djk-erlangen.de\/fussball\/wp-content\/uploads\/2023\/07\/PXL_20230718_162740767-300x225.jpg 300w, https:\/\/www.djk-erlangen.de\/fussball\/wp-content\/uploads\/2023\/07\/PXL_20230718_162740767-150x113.jpg 150w, https:\/\/www.djk-erlangen.de\/fussball\/wp-content\/uploads\/2023\/07\/PXL_20230718_162740767-768x576.jpg 768w, https:\/\/www.djk-erlangen.de\/fussball\/wp-content\/uploads\/2023\/07\/PXL_20230718_162740767-1536x1152.jpg 1536w, https:\/\/www.djk-erlangen.de\/fussball\/wp-content\/uploads\/2023\/07\/PXL_20230718_162740767-2048x1536.jpg 2048w, https:\/\/www.djk-erlangen.de\/fussball\/wp-content\/uploads\/2023\/07\/PXL_20230718_162740767-400x300.jpg 400w\" sizes=\"(max-width: 1024px) 100vw, 1024px\" \/><\/figure><\/li><li class=\"wp-block-jetpack-slideshow_slide swiper-slide\"><figure><img loading=\"lazy\" decoding=\"async\" width=\"1024\" height=\"768\" alt=\"\" class=\"wp-block-jetpack-slideshow_image wp-image-15758\" data-id=\"15758\" src=\"https:\/\/www.djk-erlangen.de\/fussball\/wp-content\/uploads\/2023\/07\/PXL_20230718_162742174-1024x768.jpg\" srcset=\"https:\/\/www.djk-erlangen.de\/fussball\/wp-content\/uploads\/2023\/07\/PXL_20230718_162742174-1024x768.jpg 1024w, https:\/\/www.djk-erlangen.de\/fussball\/wp-content\/uploads\/2023\/07\/PXL_20230718_162742174-300x225.jpg 300w, https:\/\/www.djk-erlangen.de\/fussball\/wp-content\/uploads\/2023\/07\/PXL_20230718_162742174-150x113.jpg 150w, https:\/\/www.djk-erlangen.de\/fussball\/wp-content\/uploads\/2023\/07\/PXL_20230718_162742174-768x576.jpg 768w, https:\/\/www.djk-erlangen.de\/fussball\/wp-content\/uploads\/2023\/07\/PXL_20230718_162742174-1536x1152.jpg 1536w, https:\/\/www.djk-erlangen.de\/fussball\/wp-content\/uploads\/2023\/07\/PXL_20230718_162742174-2048x1536.jpg 2048w, https:\/\/www.djk-erlangen.de\/fussball\/wp-content\/uploads\/2023\/07\/PXL_20230718_162742174-400x300.jpg 400w\" sizes=\"(max-width: 1024px) 100vw, 1024px\" \/><\/figure><\/li><li class=\"wp-block-jetpack-slideshow_slide swiper-slide\"><figure><img loading=\"lazy\" decoding=\"async\" width=\"1024\" height=\"768\" alt=\"\" class=\"wp-block-jetpack-slideshow_image wp-image-15757\" data-id=\"15757\" src=\"https:\/\/www.djk-erlangen.de\/fussball\/wp-content\/uploads\/2023\/07\/PXL_20230718_164321185-1024x768.jpg\" srcset=\"https:\/\/www.djk-erlangen.de\/fussball\/wp-content\/uploads\/2023\/07\/PXL_20230718_164321185-1024x768.jpg 1024w, https:\/\/www.djk-erlangen.de\/fussball\/wp-content\/uploads\/2023\/07\/PXL_20230718_164321185-300x225.jpg 300w, https:\/\/www.djk-erlangen.de\/fussball\/wp-content\/uploads\/2023\/07\/PXL_20230718_164321185-150x113.jpg 150w, https:\/\/www.djk-erlangen.de\/fussball\/wp-content\/uploads\/2023\/07\/PXL_20230718_164321185-768x576.jpg 768w, https:\/\/www.djk-erlangen.de\/fussball\/wp-content\/uploads\/2023\/07\/PXL_20230718_164321185-1536x1152.jpg 1536w, https:\/\/www.djk-erlangen.de\/fussball\/wp-content\/uploads\/2023\/07\/PXL_20230718_164321185-2048x1536.jpg 2048w, https:\/\/www.djk-erlangen.de\/fussball\/wp-content\/uploads\/2023\/07\/PXL_20230718_164321185-400x300.jpg 400w\" sizes=\"(max-width: 1024px) 100vw, 1024px\" \/><\/figure><\/li><li class=\"wp-block-jetpack-slideshow_slide swiper-slide\"><figure><img loading=\"lazy\" decoding=\"async\" width=\"1024\" height=\"768\" alt=\"\" class=\"wp-block-jetpack-slideshow_image wp-image-15756\" data-id=\"15756\" src=\"https:\/\/www.djk-erlangen.de\/fussball\/wp-content\/uploads\/2023\/07\/PXL_20230718_164339190-1024x768.jpg\" srcset=\"https:\/\/www.djk-erlangen.de\/fussball\/wp-content\/uploads\/2023\/07\/PXL_20230718_164339190-1024x768.jpg 1024w, https:\/\/www.djk-erlangen.de\/fussball\/wp-content\/uploads\/2023\/07\/PXL_20230718_164339190-300x225.jpg 300w, https:\/\/www.djk-erlangen.de\/fussball\/wp-content\/uploads\/2023\/07\/PXL_20230718_164339190-150x113.jpg 150w, https:\/\/www.djk-erlangen.de\/fussball\/wp-content\/uploads\/2023\/07\/PXL_20230718_164339190-768x576.jpg 768w, https:\/\/www.djk-erlangen.de\/fussball\/wp-content\/uploads\/2023\/07\/PXL_20230718_164339190-1536x1152.jpg 1536w, https:\/\/www.djk-erlangen.de\/fussball\/wp-content\/uploads\/2023\/07\/PXL_20230718_164339190-2048x1536.jpg 2048w, https:\/\/www.djk-erlangen.de\/fussball\/wp-content\/uploads\/2023\/07\/PXL_20230718_164339190-400x300.jpg 400w\" sizes=\"(max-width: 1024px) 100vw, 1024px\" \/><\/figure><\/li><li class=\"wp-block-jetpack-slideshow_slide swiper-slide\"><figure><img loading=\"lazy\" decoding=\"async\" width=\"1024\" height=\"768\" alt=\"\" class=\"wp-block-jetpack-slideshow_image wp-image-15755\" data-id=\"15755\" src=\"https:\/\/www.djk-erlangen.de\/fussball\/wp-content\/uploads\/2023\/07\/PXL_20230718_170628392.MP_-1024x768.jpg\" srcset=\"https:\/\/www.djk-erlangen.de\/fussball\/wp-content\/uploads\/2023\/07\/PXL_20230718_170628392.MP_-1024x768.jpg 1024w, https:\/\/www.djk-erlangen.de\/fussball\/wp-content\/uploads\/2023\/07\/PXL_20230718_170628392.MP_-300x225.jpg 300w, https:\/\/www.djk-erlangen.de\/fussball\/wp-content\/uploads\/2023\/07\/PXL_20230718_170628392.MP_-150x113.jpg 150w, https:\/\/www.djk-erlangen.de\/fussball\/wp-content\/uploads\/2023\/07\/PXL_20230718_170628392.MP_-768x576.jpg 768w, https:\/\/www.djk-erlangen.de\/fussball\/wp-content\/uploads\/2023\/07\/PXL_20230718_170628392.MP_-1536x1152.jpg 1536w, https:\/\/www.djk-erlangen.de\/fussball\/wp-content\/uploads\/2023\/07\/PXL_20230718_170628392.MP_-2048x1536.jpg 2048w, https:\/\/www.djk-erlangen.de\/fussball\/wp-content\/uploads\/2023\/07\/PXL_20230718_170628392.MP_-400x300.jpg 400w\" sizes=\"(max-width: 1024px) 100vw, 1024px\" \/><\/figure><\/li><li class=\"wp-block-jetpack-slideshow_slide swiper-slide\"><figure><img loading=\"lazy\" decoding=\"async\" width=\"1024\" height=\"768\" alt=\"\" class=\"wp-block-jetpack-slideshow_image wp-image-15754\" data-id=\"15754\" src=\"https:\/\/www.djk-erlangen.de\/fussball\/wp-content\/uploads\/2023\/07\/PXL_20230718_170746315.MP_-1024x768.jpg\" srcset=\"https:\/\/www.djk-erlangen.de\/fussball\/wp-content\/uploads\/2023\/07\/PXL_20230718_170746315.MP_-1024x768.jpg 1024w, https:\/\/www.djk-erlangen.de\/fussball\/wp-content\/uploads\/2023\/07\/PXL_20230718_170746315.MP_-300x225.jpg 300w, https:\/\/www.djk-erlangen.de\/fussball\/wp-content\/uploads\/2023\/07\/PXL_20230718_170746315.MP_-150x113.jpg 150w, https:\/\/www.djk-erlangen.de\/fussball\/wp-content\/uploads\/2023\/07\/PXL_20230718_170746315.MP_-768x576.jpg 768w, https:\/\/www.djk-erlangen.de\/fussball\/wp-content\/uploads\/2023\/07\/PXL_20230718_170746315.MP_-1536x1152.jpg 1536w, https:\/\/www.djk-erlangen.de\/fussball\/wp-content\/uploads\/2023\/07\/PXL_20230718_170746315.MP_-2048x1536.jpg 2048w, https:\/\/www.djk-erlangen.de\/fussball\/wp-content\/uploads\/2023\/07\/PXL_20230718_170746315.MP_-400x300.jpg 400w\" sizes=\"(max-width: 1024px) 100vw, 1024px\" \/><\/figure><\/li><\/ul><a class=\"wp-block-jetpack-slideshow_button-prev swiper-button-prev swiper-button-white\" role=\"button\"><\/a><a class=\"wp-block-jetpack-slideshow_button-next swiper-button-next swiper-button-white\" role=\"button\"><\/a><a aria-label=\"Pause Slideshow\" class=\"wp-block-jetpack-slideshow_button-pause\" role=\"button\"><\/a><div class=\"wp-block-jetpack-slideshow_pagination swiper-pagination swiper-pagination-white\"><\/div><\/div><\/div>\n","protected":false},"excerpt":{"rendered":"<p>Am vergangenen Dienstag, 18. Juli 2023, bestritt unsere F3 das Kreispokalfinale. Zu Gast war die DJK Eggolsheim. Beide Teams h\u00e4tten eine spannende Runde hinter sich, w\u00e4hrend die G\u00e4ste unter anderem einen 0:4-R\u00fcckstand in He\u00dfdorf auf dem Weg ins Finale drehen &hellip; <a href=\"https:\/\/www.djk-erlangen.de\/fussball\/?p=15752\">Weiterlesen <span class=\"meta-nav\">&rarr;<\/span><\/a><\/p>\n","protected":false},"author":49,"featured_media":0,"comment_status":"open","ping_status":"closed","sticky":false,"template":"","format":"standard","meta":{"jetpack_post_was_ever_published":false,"_jetpack_newsletter_access":"","_jetpack_dont_email_post_to_subs":false,"_jetpack_newsletter_tier_id":0,"_jetpack_memberships_contains_paywalled_content":false,"_jetpack_memberships_contains_paid_content":false,"footnotes":"","jetpack_publicize_message":"","jetpack_publicize_feature_enabled":true,"jetpack_social_post_already_shared":true,"jetpack_social_options":{"image_generator_settings":{"template":"highway","default_image_id":0,"font":"","enabled":false},"version":2}},"categories":[1,51,38],"tags":[],"class_list":["post-15752","post","type-post","status-publish","format-standard","hentry","category-allgemein","category-u8-f3","category-u8-f3-2"],"jetpack_publicize_connections":[],"jetpack_featured_media_url":"","jetpack_shortlink":"https:\/\/wp.me\/p2ZUr0-464","jetpack_sharing_enabled":true,"_links":{"self":[{"href":"https:\/\/www.djk-erlangen.de\/fussball\/index.php?rest_route=\/wp\/v2\/posts\/15752","targetHints":{"allow":["GET"]}}],"collection":[{"href":"https:\/\/www.djk-erlangen.de\/fussball\/index.php?rest_route=\/wp\/v2\/posts"}],"about":[{"href":"https:\/\/www.djk-erlangen.de\/fussball\/index.php?rest_route=\/wp\/v2\/types\/post"}],"author":[{"embeddable":true,"href":"https:\/\/www.djk-erlangen.de\/fussball\/index.php?rest_route=\/wp\/v2\/users\/49"}],"replies":[{"embeddable":true,"href":"https:\/\/www.djk-erlangen.de\/fussball\/index.php?rest_route=%2Fwp%2Fv2%2Fcomments&post=15752"}],"version-history":[{"count":3,"href":"https:\/\/www.djk-erlangen.de\/fussball\/index.php?rest_route=\/wp\/v2\/posts\/15752\/revisions"}],"predecessor-version":[{"id":15761,"href":"https:\/\/www.djk-erlangen.de\/fussball\/index.php?rest_route=\/wp\/v2\/posts\/15752\/revisions\/15761"}],"wp:attachment":[{"href":"https:\/\/www.djk-erlangen.de\/fussball\/index.php?rest_route=%2Fwp%2Fv2%2Fmedia&parent=15752"}],"wp:term":[{"taxonomy":"category","embeddable":true,"href":"https:\/\/www.djk-erlangen.de\/fussball\/index.php?rest_route=%2Fwp%2Fv2%2Fcategories&post=15752"},{"taxonomy":"post_tag","embeddable":true,"href":"https:\/\/www.djk-erlangen.de\/fussball\/index.php?rest_route=%2Fwp%2Fv2%2Ftags&post=15752"}],"curies":[{"name":"wp","href":"https:\/\/api.w.org\/{rel}","templated":true}]}}