{"id":15488,"date":"2022-11-14T18:06:31","date_gmt":"2022-11-14T17:06:31","guid":{"rendered":"https:\/\/www.djk-erlangen.de\/fussball\/?p=15488"},"modified":"2022-11-14T18:06:31","modified_gmt":"2022-11-14T17:06:31","slug":"erfolgreiche-herbstrunde-und-start-der-hallensaison","status":"publish","type":"post","link":"https:\/\/www.djk-erlangen.de\/fussball\/?p=15488","title":{"rendered":"Erfolgreiche Herbstrunde und Start der Hallensaison"},"content":{"rendered":"\n<p>Unsere F3 konnte ihre erste Herbstrunde in der f\u00fcr alle neuen Mixed-Liga erfolgreich mit vier Siegen, zwei Unentschieden und einer Niederlage abschlie\u00dfen. Passend zum Herbst wurden die Kids mit neuen Regenjacken ausgestattet, die uns dankenswerterweise die Firma Eberhard Goebel gesponsert hat. Hierf\u00fcr nochmals herzlichen Dank!<\/p>\n\n\n\n<p>Am vergangenen Samstag, 12.11.2022, startete dann bereits schon die Vorrunde der Hallenkreismeisterschaft in Gr\u00e4fenberg. Hier wurde ein vierter Platz erzielt. Ab kommendem Wochenende wird dann flei\u00dfig in der Halle f\u00fcr die zweite Vorrunde am 11.12.2022 in Adelsdorf trainiert.<\/p>\n\n\n\n<p>Nachfolgend findet ihr noch ein paar Eindr\u00fccke aus der Herbstrunde und der Hallenkreismeisterschaft.<\/p>\n\n\n\n<p>&#x1f4af; % &#x1f7e2;&#x26aa; DJK &#x1f4aa;&#x1f929;<\/p>\n\n\n\n<div class=\"wp-block-jetpack-slideshow aligncenter\" data-effect=\"slide\"><div class=\"wp-block-jetpack-slideshow_container swiper-container\"><ul class=\"wp-block-jetpack-slideshow_swiper-wrapper swiper-wrapper\"><li class=\"wp-block-jetpack-slideshow_slide swiper-slide\"><figure><img loading=\"lazy\" decoding=\"async\" width=\"1024\" height=\"683\" alt=\"\" class=\"wp-block-jetpack-slideshow_image wp-image-15491\" data-id=\"15491\" src=\"https:\/\/www.djk-erlangen.de\/fussball\/wp-content\/uploads\/2022\/11\/IMG_2246-1024x683.jpg\" srcset=\"https:\/\/www.djk-erlangen.de\/fussball\/wp-content\/uploads\/2022\/11\/IMG_2246-1024x683.jpg 1024w, https:\/\/www.djk-erlangen.de\/fussball\/wp-content\/uploads\/2022\/11\/IMG_2246-300x200.jpg 300w, https:\/\/www.djk-erlangen.de\/fussball\/wp-content\/uploads\/2022\/11\/IMG_2246-150x100.jpg 150w, https:\/\/www.djk-erlangen.de\/fussball\/wp-content\/uploads\/2022\/11\/IMG_2246-768x512.jpg 768w, https:\/\/www.djk-erlangen.de\/fussball\/wp-content\/uploads\/2022\/11\/IMG_2246-1536x1024.jpg 1536w, https:\/\/www.djk-erlangen.de\/fussball\/wp-content\/uploads\/2022\/11\/IMG_2246-2048x1365.jpg 2048w\" sizes=\"(max-width: 1024px) 100vw, 1024px\" \/><\/figure><\/li><li class=\"wp-block-jetpack-slideshow_slide swiper-slide\"><figure><img loading=\"lazy\" decoding=\"async\" width=\"1024\" height=\"683\" alt=\"\" class=\"wp-block-jetpack-slideshow_image wp-image-15493\" data-id=\"15493\" src=\"https:\/\/www.djk-erlangen.de\/fussball\/wp-content\/uploads\/2022\/11\/IMG_2303-1024x683.jpg\" srcset=\"https:\/\/www.djk-erlangen.de\/fussball\/wp-content\/uploads\/2022\/11\/IMG_2303-1024x683.jpg 1024w, https:\/\/www.djk-erlangen.de\/fussball\/wp-content\/uploads\/2022\/11\/IMG_2303-300x200.jpg 300w, https:\/\/www.djk-erlangen.de\/fussball\/wp-content\/uploads\/2022\/11\/IMG_2303-150x100.jpg 150w, https:\/\/www.djk-erlangen.de\/fussball\/wp-content\/uploads\/2022\/11\/IMG_2303-768x512.jpg 768w, https:\/\/www.djk-erlangen.de\/fussball\/wp-content\/uploads\/2022\/11\/IMG_2303-1536x1024.jpg 1536w, https:\/\/www.djk-erlangen.de\/fussball\/wp-content\/uploads\/2022\/11\/IMG_2303-2048x1365.jpg 2048w\" sizes=\"(max-width: 1024px) 100vw, 1024px\" \/><\/figure><\/li><li class=\"wp-block-jetpack-slideshow_slide swiper-slide\"><figure><img loading=\"lazy\" decoding=\"async\" width=\"1024\" height=\"683\" alt=\"\" class=\"wp-block-jetpack-slideshow_image wp-image-15495\" data-id=\"15495\" src=\"https:\/\/www.djk-erlangen.de\/fussball\/wp-content\/uploads\/2022\/11\/IMG_2130-1024x683.jpg\" srcset=\"https:\/\/www.djk-erlangen.de\/fussball\/wp-content\/uploads\/2022\/11\/IMG_2130-1024x683.jpg 1024w, https:\/\/www.djk-erlangen.de\/fussball\/wp-content\/uploads\/2022\/11\/IMG_2130-300x200.jpg 300w, https:\/\/www.djk-erlangen.de\/fussball\/wp-content\/uploads\/2022\/11\/IMG_2130-150x100.jpg 150w, https:\/\/www.djk-erlangen.de\/fussball\/wp-content\/uploads\/2022\/11\/IMG_2130-768x512.jpg 768w, https:\/\/www.djk-erlangen.de\/fussball\/wp-content\/uploads\/2022\/11\/IMG_2130-1536x1024.jpg 1536w, https:\/\/www.djk-erlangen.de\/fussball\/wp-content\/uploads\/2022\/11\/IMG_2130-2048x1365.jpg 2048w\" sizes=\"(max-width: 1024px) 100vw, 1024px\" \/><\/figure><\/li><li class=\"wp-block-jetpack-slideshow_slide swiper-slide\"><figure><img loading=\"lazy\" decoding=\"async\" width=\"683\" height=\"1024\" alt=\"\" class=\"wp-block-jetpack-slideshow_image wp-image-15494\" data-id=\"15494\" src=\"https:\/\/www.djk-erlangen.de\/fussball\/wp-content\/uploads\/2022\/11\/IMG_2313-683x1024.jpg\" srcset=\"https:\/\/www.djk-erlangen.de\/fussball\/wp-content\/uploads\/2022\/11\/IMG_2313-683x1024.jpg 683w, https:\/\/www.djk-erlangen.de\/fussball\/wp-content\/uploads\/2022\/11\/IMG_2313-200x300.jpg 200w, https:\/\/www.djk-erlangen.de\/fussball\/wp-content\/uploads\/2022\/11\/IMG_2313-100x150.jpg 100w, https:\/\/www.djk-erlangen.de\/fussball\/wp-content\/uploads\/2022\/11\/IMG_2313-768x1152.jpg 768w, https:\/\/www.djk-erlangen.de\/fussball\/wp-content\/uploads\/2022\/11\/IMG_2313-1024x1536.jpg 1024w, https:\/\/www.djk-erlangen.de\/fussball\/wp-content\/uploads\/2022\/11\/IMG_2313-1365x2048.jpg 1365w, https:\/\/www.djk-erlangen.de\/fussball\/wp-content\/uploads\/2022\/11\/IMG_2313-scaled.jpg 1706w\" sizes=\"(max-width: 683px) 100vw, 683px\" \/><\/figure><\/li><li class=\"wp-block-jetpack-slideshow_slide swiper-slide\"><figure><img loading=\"lazy\" decoding=\"async\" width=\"1024\" height=\"683\" alt=\"\" class=\"wp-block-jetpack-slideshow_image wp-image-15496\" data-id=\"15496\" src=\"https:\/\/www.djk-erlangen.de\/fussball\/wp-content\/uploads\/2022\/11\/IMG_2228-1024x683.jpg\" srcset=\"https:\/\/www.djk-erlangen.de\/fussball\/wp-content\/uploads\/2022\/11\/IMG_2228-1024x683.jpg 1024w, https:\/\/www.djk-erlangen.de\/fussball\/wp-content\/uploads\/2022\/11\/IMG_2228-300x200.jpg 300w, https:\/\/www.djk-erlangen.de\/fussball\/wp-content\/uploads\/2022\/11\/IMG_2228-150x100.jpg 150w, https:\/\/www.djk-erlangen.de\/fussball\/wp-content\/uploads\/2022\/11\/IMG_2228-768x512.jpg 768w, https:\/\/www.djk-erlangen.de\/fussball\/wp-content\/uploads\/2022\/11\/IMG_2228-1536x1024.jpg 1536w, https:\/\/www.djk-erlangen.de\/fussball\/wp-content\/uploads\/2022\/11\/IMG_2228-2048x1365.jpg 2048w\" sizes=\"(max-width: 1024px) 100vw, 1024px\" \/><\/figure><\/li><li class=\"wp-block-jetpack-slideshow_slide swiper-slide\"><figure><img loading=\"lazy\" decoding=\"async\" width=\"1024\" height=\"771\" alt=\"\" class=\"wp-block-jetpack-slideshow_image wp-image-15497\" data-id=\"15497\" src=\"https:\/\/www.djk-erlangen.de\/fussball\/wp-content\/uploads\/2022\/11\/PXL_20221014_145523127-1024x771.jpg\" srcset=\"https:\/\/www.djk-erlangen.de\/fussball\/wp-content\/uploads\/2022\/11\/PXL_20221014_145523127-1024x771.jpg 1024w, https:\/\/www.djk-erlangen.de\/fussball\/wp-content\/uploads\/2022\/11\/PXL_20221014_145523127-300x226.jpg 300w, https:\/\/www.djk-erlangen.de\/fussball\/wp-content\/uploads\/2022\/11\/PXL_20221014_145523127-150x113.jpg 150w, https:\/\/www.djk-erlangen.de\/fussball\/wp-content\/uploads\/2022\/11\/PXL_20221014_145523127-768x578.jpg 768w, https:\/\/www.djk-erlangen.de\/fussball\/wp-content\/uploads\/2022\/11\/PXL_20221014_145523127-1536x1157.jpg 1536w, https:\/\/www.djk-erlangen.de\/fussball\/wp-content\/uploads\/2022\/11\/PXL_20221014_145523127-2048x1542.jpg 2048w\" sizes=\"(max-width: 1024px) 100vw, 1024px\" \/><\/figure><\/li><li class=\"wp-block-jetpack-slideshow_slide swiper-slide\"><figure><img loading=\"lazy\" decoding=\"async\" width=\"771\" height=\"1024\" alt=\"\" class=\"wp-block-jetpack-slideshow_image wp-image-15498\" data-id=\"15498\" src=\"https:\/\/www.djk-erlangen.de\/fussball\/wp-content\/uploads\/2022\/11\/PXL_20221014_145515756.MP_-771x1024.jpg\" srcset=\"https:\/\/www.djk-erlangen.de\/fussball\/wp-content\/uploads\/2022\/11\/PXL_20221014_145515756.MP_-771x1024.jpg 771w, https:\/\/www.djk-erlangen.de\/fussball\/wp-content\/uploads\/2022\/11\/PXL_20221014_145515756.MP_-226x300.jpg 226w, https:\/\/www.djk-erlangen.de\/fussball\/wp-content\/uploads\/2022\/11\/PXL_20221014_145515756.MP_-113x150.jpg 113w, https:\/\/www.djk-erlangen.de\/fussball\/wp-content\/uploads\/2022\/11\/PXL_20221014_145515756.MP_-768x1020.jpg 768w, https:\/\/www.djk-erlangen.de\/fussball\/wp-content\/uploads\/2022\/11\/PXL_20221014_145515756.MP_-1157x1536.jpg 1157w, https:\/\/www.djk-erlangen.de\/fussball\/wp-content\/uploads\/2022\/11\/PXL_20221014_145515756.MP_-1542x2048.jpg 1542w, https:\/\/www.djk-erlangen.de\/fussball\/wp-content\/uploads\/2022\/11\/PXL_20221014_145515756.MP_-scaled.jpg 1928w\" sizes=\"(max-width: 771px) 100vw, 771px\" \/><\/figure><\/li><li class=\"wp-block-jetpack-slideshow_slide swiper-slide\"><figure><img loading=\"lazy\" decoding=\"async\" width=\"1024\" height=\"771\" alt=\"\" class=\"wp-block-jetpack-slideshow_image wp-image-15500\" data-id=\"15500\" src=\"https:\/\/www.djk-erlangen.de\/fussball\/wp-content\/uploads\/2022\/11\/PXL_20221014_145510561.MP_-1024x771.jpg\" srcset=\"https:\/\/www.djk-erlangen.de\/fussball\/wp-content\/uploads\/2022\/11\/PXL_20221014_145510561.MP_-1024x771.jpg 1024w, https:\/\/www.djk-erlangen.de\/fussball\/wp-content\/uploads\/2022\/11\/PXL_20221014_145510561.MP_-300x226.jpg 300w, https:\/\/www.djk-erlangen.de\/fussball\/wp-content\/uploads\/2022\/11\/PXL_20221014_145510561.MP_-150x113.jpg 150w, https:\/\/www.djk-erlangen.de\/fussball\/wp-content\/uploads\/2022\/11\/PXL_20221014_145510561.MP_-768x578.jpg 768w, https:\/\/www.djk-erlangen.de\/fussball\/wp-content\/uploads\/2022\/11\/PXL_20221014_145510561.MP_-1536x1157.jpg 1536w, https:\/\/www.djk-erlangen.de\/fussball\/wp-content\/uploads\/2022\/11\/PXL_20221014_145510561.MP_-2048x1542.jpg 2048w\" sizes=\"(max-width: 1024px) 100vw, 1024px\" \/><\/figure><\/li><li class=\"wp-block-jetpack-slideshow_slide swiper-slide\"><figure><img loading=\"lazy\" decoding=\"async\" width=\"1024\" height=\"771\" alt=\"\" class=\"wp-block-jetpack-slideshow_image wp-image-15501\" data-id=\"15501\" src=\"https:\/\/www.djk-erlangen.de\/fussball\/wp-content\/uploads\/2022\/11\/PXL_20221112_091914123-1024x771.jpg\" srcset=\"https:\/\/www.djk-erlangen.de\/fussball\/wp-content\/uploads\/2022\/11\/PXL_20221112_091914123-1024x771.jpg 1024w, https:\/\/www.djk-erlangen.de\/fussball\/wp-content\/uploads\/2022\/11\/PXL_20221112_091914123-300x226.jpg 300w, https:\/\/www.djk-erlangen.de\/fussball\/wp-content\/uploads\/2022\/11\/PXL_20221112_091914123-150x113.jpg 150w, https:\/\/www.djk-erlangen.de\/fussball\/wp-content\/uploads\/2022\/11\/PXL_20221112_091914123-768x578.jpg 768w, https:\/\/www.djk-erlangen.de\/fussball\/wp-content\/uploads\/2022\/11\/PXL_20221112_091914123-1536x1157.jpg 1536w, https:\/\/www.djk-erlangen.de\/fussball\/wp-content\/uploads\/2022\/11\/PXL_20221112_091914123-2048x1542.jpg 2048w\" sizes=\"(max-width: 1024px) 100vw, 1024px\" \/><\/figure><\/li><li class=\"wp-block-jetpack-slideshow_slide swiper-slide\"><figure><img loading=\"lazy\" decoding=\"async\" width=\"1024\" height=\"771\" alt=\"\" class=\"wp-block-jetpack-slideshow_image wp-image-15502\" data-id=\"15502\" src=\"https:\/\/www.djk-erlangen.de\/fussball\/wp-content\/uploads\/2022\/11\/PXL_20221112_085550475-1024x771.jpg\" srcset=\"https:\/\/www.djk-erlangen.de\/fussball\/wp-content\/uploads\/2022\/11\/PXL_20221112_085550475-1024x771.jpg 1024w, https:\/\/www.djk-erlangen.de\/fussball\/wp-content\/uploads\/2022\/11\/PXL_20221112_085550475-300x226.jpg 300w, https:\/\/www.djk-erlangen.de\/fussball\/wp-content\/uploads\/2022\/11\/PXL_20221112_085550475-150x113.jpg 150w, https:\/\/www.djk-erlangen.de\/fussball\/wp-content\/uploads\/2022\/11\/PXL_20221112_085550475-768x578.jpg 768w, https:\/\/www.djk-erlangen.de\/fussball\/wp-content\/uploads\/2022\/11\/PXL_20221112_085550475-1536x1157.jpg 1536w, https:\/\/www.djk-erlangen.de\/fussball\/wp-content\/uploads\/2022\/11\/PXL_20221112_085550475-2048x1542.jpg 2048w\" sizes=\"(max-width: 1024px) 100vw, 1024px\" \/><\/figure><\/li><li class=\"wp-block-jetpack-slideshow_slide swiper-slide\"><figure><img loading=\"lazy\" decoding=\"async\" width=\"1024\" height=\"771\" alt=\"\" class=\"wp-block-jetpack-slideshow_image wp-image-15503\" data-id=\"15503\" src=\"https:\/\/www.djk-erlangen.de\/fussball\/wp-content\/uploads\/2022\/11\/PXL_20221112_085642728-1024x771.jpg\" srcset=\"https:\/\/www.djk-erlangen.de\/fussball\/wp-content\/uploads\/2022\/11\/PXL_20221112_085642728-1024x771.jpg 1024w, https:\/\/www.djk-erlangen.de\/fussball\/wp-content\/uploads\/2022\/11\/PXL_20221112_085642728-300x226.jpg 300w, https:\/\/www.djk-erlangen.de\/fussball\/wp-content\/uploads\/2022\/11\/PXL_20221112_085642728-150x113.jpg 150w, https:\/\/www.djk-erlangen.de\/fussball\/wp-content\/uploads\/2022\/11\/PXL_20221112_085642728-768x578.jpg 768w, https:\/\/www.djk-erlangen.de\/fussball\/wp-content\/uploads\/2022\/11\/PXL_20221112_085642728-1536x1157.jpg 1536w, https:\/\/www.djk-erlangen.de\/fussball\/wp-content\/uploads\/2022\/11\/PXL_20221112_085642728-2048x1542.jpg 2048w\" sizes=\"(max-width: 1024px) 100vw, 1024px\" \/><\/figure><\/li><li class=\"wp-block-jetpack-slideshow_slide swiper-slide\"><figure><img loading=\"lazy\" decoding=\"async\" width=\"1024\" height=\"771\" alt=\"\" class=\"wp-block-jetpack-slideshow_image wp-image-15499\" data-id=\"15499\" src=\"https:\/\/www.djk-erlangen.de\/fussball\/wp-content\/uploads\/2022\/11\/PXL_20221112_085805728-1024x771.jpg\" srcset=\"https:\/\/www.djk-erlangen.de\/fussball\/wp-content\/uploads\/2022\/11\/PXL_20221112_085805728-1024x771.jpg 1024w, https:\/\/www.djk-erlangen.de\/fussball\/wp-content\/uploads\/2022\/11\/PXL_20221112_085805728-300x226.jpg 300w, https:\/\/www.djk-erlangen.de\/fussball\/wp-content\/uploads\/2022\/11\/PXL_20221112_085805728-150x113.jpg 150w, https:\/\/www.djk-erlangen.de\/fussball\/wp-content\/uploads\/2022\/11\/PXL_20221112_085805728-768x578.jpg 768w, https:\/\/www.djk-erlangen.de\/fussball\/wp-content\/uploads\/2022\/11\/PXL_20221112_085805728-1536x1157.jpg 1536w, https:\/\/www.djk-erlangen.de\/fussball\/wp-content\/uploads\/2022\/11\/PXL_20221112_085805728-2048x1542.jpg 2048w\" sizes=\"(max-width: 1024px) 100vw, 1024px\" \/><\/figure><\/li><\/ul><a class=\"wp-block-jetpack-slideshow_button-prev swiper-button-prev swiper-button-white\" role=\"button\"><\/a><a class=\"wp-block-jetpack-slideshow_button-next swiper-button-next swiper-button-white\" role=\"button\"><\/a><a aria-label=\"Pause Slideshow\" class=\"wp-block-jetpack-slideshow_button-pause\" role=\"button\"><\/a><div class=\"wp-block-jetpack-slideshow_pagination swiper-pagination swiper-pagination-white\"><\/div><\/div><\/div>\n","protected":false},"excerpt":{"rendered":"<p>Unsere F3 konnte ihre erste Herbstrunde in der f\u00fcr alle neuen Mixed-Liga erfolgreich mit vier Siegen, zwei Unentschieden und einer Niederlage abschlie\u00dfen. Passend zum Herbst wurden die Kids mit neuen Regenjacken ausgestattet, die uns dankenswerterweise die Firma Eberhard Goebel gesponsert &hellip; <a href=\"https:\/\/www.djk-erlangen.de\/fussball\/?p=15488\">Weiterlesen <span class=\"meta-nav\">&rarr;<\/span><\/a><\/p>\n","protected":false},"author":49,"featured_media":0,"comment_status":"open","ping_status":"closed","sticky":false,"template":"","format":"standard","meta":{"jetpack_post_was_ever_published":false,"_jetpack_newsletter_access":"","_jetpack_dont_email_post_to_subs":false,"_jetpack_newsletter_tier_id":0,"_jetpack_memberships_contains_paywalled_content":false,"_jetpack_memberships_contains_paid_content":false,"footnotes":"","jetpack_publicize_message":"","jetpack_publicize_feature_enabled":true,"jetpack_social_post_already_shared":true,"jetpack_social_options":{"image_generator_settings":{"template":"highway","default_image_id":0,"font":"","enabled":false},"version":2}},"categories":[1,51],"tags":[],"class_list":["post-15488","post","type-post","status-publish","format-standard","hentry","category-allgemein","category-u8-f3"],"jetpack_publicize_connections":[],"jetpack_featured_media_url":"","jetpack_shortlink":"https:\/\/wp.me\/p2ZUr0-41O","jetpack_sharing_enabled":true,"_links":{"self":[{"href":"https:\/\/www.djk-erlangen.de\/fussball\/index.php?rest_route=\/wp\/v2\/posts\/15488","targetHints":{"allow":["GET"]}}],"collection":[{"href":"https:\/\/www.djk-erlangen.de\/fussball\/index.php?rest_route=\/wp\/v2\/posts"}],"about":[{"href":"https:\/\/www.djk-erlangen.de\/fussball\/index.php?rest_route=\/wp\/v2\/types\/post"}],"author":[{"embeddable":true,"href":"https:\/\/www.djk-erlangen.de\/fussball\/index.php?rest_route=\/wp\/v2\/users\/49"}],"replies":[{"embeddable":true,"href":"https:\/\/www.djk-erlangen.de\/fussball\/index.php?rest_route=%2Fwp%2Fv2%2Fcomments&post=15488"}],"version-history":[{"count":4,"href":"https:\/\/www.djk-erlangen.de\/fussball\/index.php?rest_route=\/wp\/v2\/posts\/15488\/revisions"}],"predecessor-version":[{"id":15511,"href":"https:\/\/www.djk-erlangen.de\/fussball\/index.php?rest_route=\/wp\/v2\/posts\/15488\/revisions\/15511"}],"wp:attachment":[{"href":"https:\/\/www.djk-erlangen.de\/fussball\/index.php?rest_route=%2Fwp%2Fv2%2Fmedia&parent=15488"}],"wp:term":[{"taxonomy":"category","embeddable":true,"href":"https:\/\/www.djk-erlangen.de\/fussball\/index.php?rest_route=%2Fwp%2Fv2%2Fcategories&post=15488"},{"taxonomy":"post_tag","embeddable":true,"href":"https:\/\/www.djk-erlangen.de\/fussball\/index.php?rest_route=%2Fwp%2Fv2%2Ftags&post=15488"}],"curies":[{"name":"wp","href":"https:\/\/api.w.org\/{rel}","templated":true}]}}