{"id":1537,"date":"2009-10-23T22:31:34","date_gmt":"2009-10-23T20:31:34","guid":{"rendered":"http:\/\/www.djk-erlangen.de\/fussball\/?p=1537"},"modified":"2009-10-23T22:35:56","modified_gmt":"2009-10-23T20:35:56","slug":"arbeitsdienst-d2-%e2%80%93-wir-waren-dabei","status":"publish","type":"post","link":"https:\/\/www.djk-erlangen.de\/fussball\/?p=1537","title":{"rendered":"Arbeitsdienst der Fu\u00dfballabteilung &#8211; die D2 war dabei"},"content":{"rendered":"<p>Gerne h\u00e4tten wir uns gedr\u00fcckt. Aber wir hatten ein Heimspiel am gleichen Tag. Somit war klar, mit Ausreden kommen wir da nicht durch.<\/p>\n<p>Deshalb sind wir dann doch am Samstag um 10 Uhr mit Eimer und Putzlappen angetreten.<!--more--><\/p>\n<p>Der Jugendraum, Umkleidekabinen und die Fenster des gro\u00dfen Saale wurden uns zum Reinigen zugeteilt. Die Arbeiten waren von der Vereinsleitung gut vorbereitet. Es war gen\u00fcgend Arbeit f\u00fcr alle da.<\/p>\n<p>Belohnt wurden wir mit viel Gaudi und guter Unterhaltung bei der Arbeit und einem z\u00fcnftigen Wei\u00dfwurst-Fr\u00fchschoppen. Dank an den Sponsor f\u00fcr die super Verpflegung.<\/p>\n<p>Wir werden beim n\u00e4chsten Arbeitsdienst sicher wieder dabei sein.<\/p>\n","protected":false},"excerpt":{"rendered":"<p>Gerne h\u00e4tten wir uns gedr\u00fcckt. Aber wir hatten ein Heimspiel am gleichen Tag. Somit war klar, mit Ausreden kommen wir da nicht durch. Deshalb sind wir dann doch am Samstag um 10 Uhr mit Eimer und Putzlappen angetreten.<\/p>\n","protected":false},"author":32,"featured_media":0,"comment_status":"open","ping_status":"closed","sticky":false,"template":"","format":"standard","meta":{"jetpack_post_was_ever_published":false,"_jetpack_newsletter_access":"","_jetpack_dont_email_post_to_subs":false,"_jetpack_newsletter_tier_id":0,"_jetpack_memberships_contains_paywalled_content":false,"_jetpack_memberships_contains_paid_content":false,"footnotes":"","jetpack_publicize_message":"","jetpack_publicize_feature_enabled":true,"jetpack_social_post_already_shared":false,"jetpack_social_options":{"image_generator_settings":{"template":"highway","default_image_id":0,"font":"","enabled":false},"version":2}},"categories":[10],"tags":[],"class_list":["post-1537","post","type-post","status-publish","format-standard","hentry","category-u13"],"jetpack_publicize_connections":[],"jetpack_featured_media_url":"","jetpack_shortlink":"https:\/\/wp.me\/p2ZUr0-oN","jetpack_sharing_enabled":true,"_links":{"self":[{"href":"https:\/\/www.djk-erlangen.de\/fussball\/index.php?rest_route=\/wp\/v2\/posts\/1537","targetHints":{"allow":["GET"]}}],"collection":[{"href":"https:\/\/www.djk-erlangen.de\/fussball\/index.php?rest_route=\/wp\/v2\/posts"}],"about":[{"href":"https:\/\/www.djk-erlangen.de\/fussball\/index.php?rest_route=\/wp\/v2\/types\/post"}],"author":[{"embeddable":true,"href":"https:\/\/www.djk-erlangen.de\/fussball\/index.php?rest_route=\/wp\/v2\/users\/32"}],"replies":[{"embeddable":true,"href":"https:\/\/www.djk-erlangen.de\/fussball\/index.php?rest_route=%2Fwp%2Fv2%2Fcomments&post=1537"}],"version-history":[{"count":5,"href":"https:\/\/www.djk-erlangen.de\/fussball\/index.php?rest_route=\/wp\/v2\/posts\/1537\/revisions"}],"predecessor-version":[{"id":1539,"href":"https:\/\/www.djk-erlangen.de\/fussball\/index.php?rest_route=\/wp\/v2\/posts\/1537\/revisions\/1539"}],"wp:attachment":[{"href":"https:\/\/www.djk-erlangen.de\/fussball\/index.php?rest_route=%2Fwp%2Fv2%2Fmedia&parent=1537"}],"wp:term":[{"taxonomy":"category","embeddable":true,"href":"https:\/\/www.djk-erlangen.de\/fussball\/index.php?rest_route=%2Fwp%2Fv2%2Fcategories&post=1537"},{"taxonomy":"post_tag","embeddable":true,"href":"https:\/\/www.djk-erlangen.de\/fussball\/index.php?rest_route=%2Fwp%2Fv2%2Ftags&post=1537"}],"curies":[{"name":"wp","href":"https:\/\/api.w.org\/{rel}","templated":true}]}}