{"id":14981,"date":"2019-06-12T15:00:01","date_gmt":"2019-06-12T13:00:01","guid":{"rendered":"http:\/\/www.djk-erlangen.de\/fussball\/?p=14981"},"modified":"2020-07-21T18:20:59","modified_gmt":"2020-07-21T16:20:59","slug":"aufstiegsspiel","status":"publish","type":"post","link":"https:\/\/www.djk-erlangen.de\/fussball\/?p=14981","title":{"rendered":"Aufstieg(sspiel)"},"content":{"rendered":"\n<p>Am&nbsp;<strong>Sonntag, 16.06.2019, um 16 Uhr<\/strong>&nbsp;geht es auf dem Gel\u00e4nde des&nbsp;<strong>ASV M\u00f6hrendorf&nbsp;<\/strong>gegen den&nbsp;<strong>TSV Ebermannstadt<\/strong> um den <\/p>\n\n\n\n<h3 class=\"has-text-align-center wp-block-heading\"><a href=\"https:\/\/www.facebook.com\/events\/2342307566012178\/\">Aufstieg in die Kreisliga<\/a>!!!<\/h3>\n\n\n\n<p>Kommt alle in&nbsp;<strong>gr\u00fcn-wei\u00dfen Klamotten<\/strong>, um das Spiel in M\u00f6hrendorf zu einem Heimspiel f\u00fcr die DJK Erlangen zu machen! <br><strong>Unterst\u00fctzt unsere Jungs<\/strong>&nbsp;bei der Mission Aufstieg zahlreich und lautstark!<\/p>\n","protected":false},"excerpt":{"rendered":"<p>Am&nbsp;Sonntag, 16.06.2019, um 16 Uhr&nbsp;geht es auf dem Gel\u00e4nde des&nbsp;ASV M\u00f6hrendorf&nbsp;gegen den&nbsp;TSV Ebermannstadt um den Aufstieg in die Kreisliga!!! Kommt alle in&nbsp;gr\u00fcn-wei\u00dfen Klamotten, um das Spiel in M\u00f6hrendorf zu einem Heimspiel f\u00fcr die DJK Erlangen zu machen! Unterst\u00fctzt unsere Jungs&nbsp;bei &hellip; <a href=\"https:\/\/www.djk-erlangen.de\/fussball\/?p=14981\">Weiterlesen <span class=\"meta-nav\">&rarr;<\/span><\/a><\/p>\n","protected":false},"author":3,"featured_media":0,"comment_status":"open","ping_status":"closed","sticky":false,"template":"","format":"standard","meta":{"jetpack_post_was_ever_published":false,"_jetpack_newsletter_access":"","_jetpack_dont_email_post_to_subs":false,"_jetpack_newsletter_tier_id":0,"_jetpack_memberships_contains_paywalled_content":false,"_jetpack_memberships_contains_paid_content":false,"footnotes":"","jetpack_publicize_message":"","jetpack_publicize_feature_enabled":true,"jetpack_social_post_already_shared":true,"jetpack_social_options":{"image_generator_settings":{"template":"highway","default_image_id":0,"font":"","enabled":false},"version":2}},"categories":[4,1,5,17,18,48,49,47,8,10,34,35,41,11,45,12,13,14,39,51,38,50,15],"tags":[],"class_list":["post-14981","post","type-post","status-publish","format-standard","hentry","category-ah","category-allgemein","category-herren","category-herren-1","category-herren-2","category-u10","category-u10-e3","category-u11","category-u11-e1","category-u13","category-u13-d1","category-u13-d2","category-u13-d3","category-u15","category-u15-c1","category-u17","category-u19","category-u7","category-u8","category-u8-f3","category-u8-f3-2","category-u9","category-u9-f1"],"jetpack_publicize_connections":[],"jetpack_featured_media_url":"","jetpack_shortlink":"https:\/\/wp.me\/p2ZUr0-3TD","jetpack_sharing_enabled":true,"_links":{"self":[{"href":"https:\/\/www.djk-erlangen.de\/fussball\/index.php?rest_route=\/wp\/v2\/posts\/14981","targetHints":{"allow":["GET"]}}],"collection":[{"href":"https:\/\/www.djk-erlangen.de\/fussball\/index.php?rest_route=\/wp\/v2\/posts"}],"about":[{"href":"https:\/\/www.djk-erlangen.de\/fussball\/index.php?rest_route=\/wp\/v2\/types\/post"}],"author":[{"embeddable":true,"href":"https:\/\/www.djk-erlangen.de\/fussball\/index.php?rest_route=\/wp\/v2\/users\/3"}],"replies":[{"embeddable":true,"href":"https:\/\/www.djk-erlangen.de\/fussball\/index.php?rest_route=%2Fwp%2Fv2%2Fcomments&post=14981"}],"version-history":[{"count":9,"href":"https:\/\/www.djk-erlangen.de\/fussball\/index.php?rest_route=\/wp\/v2\/posts\/14981\/revisions"}],"predecessor-version":[{"id":15207,"href":"https:\/\/www.djk-erlangen.de\/fussball\/index.php?rest_route=\/wp\/v2\/posts\/14981\/revisions\/15207"}],"wp:attachment":[{"href":"https:\/\/www.djk-erlangen.de\/fussball\/index.php?rest_route=%2Fwp%2Fv2%2Fmedia&parent=14981"}],"wp:term":[{"taxonomy":"category","embeddable":true,"href":"https:\/\/www.djk-erlangen.de\/fussball\/index.php?rest_route=%2Fwp%2Fv2%2Fcategories&post=14981"},{"taxonomy":"post_tag","embeddable":true,"href":"https:\/\/www.djk-erlangen.de\/fussball\/index.php?rest_route=%2Fwp%2Fv2%2Ftags&post=14981"}],"curies":[{"name":"wp","href":"https:\/\/api.w.org\/{rel}","templated":true}]}}