{"id":14974,"date":"2019-06-01T09:28:20","date_gmt":"2019-06-01T07:28:20","guid":{"rendered":"http:\/\/www.djk-erlangen.de\/fussball\/?p=14974"},"modified":"2019-06-13T15:36:47","modified_gmt":"2019-06-13T13:36:47","slug":"d-jugend-glueckwunsch","status":"publish","type":"post","link":"https:\/\/www.djk-erlangen.de\/fussball\/?p=14974","title":{"rendered":"Gl\u00fcckwunsch an die D-Jugend"},"content":{"rendered":"\n<p>Mit einer starken Leistung wurde aus eigener Kraft am letzten Spieltag der Klassenerhalt in der Kreisklasse geschafft. Es war eine sehr schwierige Saison, deshalb Respekt an die Jungs und die Trainer\/Betreuer.<\/p>\n\n\n\n<p>In diesem Zusammenhang ein ganz gro\u00dfes Dankesch\u00f6n an die Spieler und Verantwortlichen der E1 f\u00fcr ihre Unterst\u00fctzung. Ohne sie w\u00e4re es nicht gegangen. <br><br>Ein besseres Beispiel gibt es nicht, um zu zeigen, wie wichtig eine gute Zusammenarbeit ist!<\/p>\n\n\n\n<p>Gru\u00df Olaf<br><\/p>\n","protected":false},"excerpt":{"rendered":"<p>Mit einer starken Leistung wurde aus eigener Kraft am letzten Spieltag der Klassenerhalt in der Kreisklasse geschafft. Es war eine sehr schwierige Saison, deshalb Respekt an die Jungs und die Trainer\/Betreuer. In diesem Zusammenhang ein ganz gro\u00dfes Dankesch\u00f6n an die &hellip; <a href=\"https:\/\/www.djk-erlangen.de\/fussball\/?p=14974\">Weiterlesen <span class=\"meta-nav\">&rarr;<\/span><\/a><\/p>\n","protected":false},"author":36,"featured_media":0,"comment_status":"open","ping_status":"closed","sticky":false,"template":"","format":"standard","meta":{"jetpack_post_was_ever_published":false,"_jetpack_newsletter_access":"","_jetpack_dont_email_post_to_subs":false,"_jetpack_newsletter_tier_id":0,"_jetpack_memberships_contains_paywalled_content":false,"_jetpack_memberships_contains_paid_content":false,"footnotes":"","jetpack_publicize_message":"","jetpack_publicize_feature_enabled":true,"jetpack_social_post_already_shared":true,"jetpack_social_options":{"image_generator_settings":{"template":"highway","default_image_id":0,"font":"","enabled":false},"version":2}},"categories":[1,34],"tags":[],"class_list":["post-14974","post","type-post","status-publish","format-standard","hentry","category-allgemein","category-u13-d1"],"jetpack_publicize_connections":[],"jetpack_featured_media_url":"","jetpack_shortlink":"https:\/\/wp.me\/p2ZUr0-3Tw","jetpack_sharing_enabled":true,"_links":{"self":[{"href":"https:\/\/www.djk-erlangen.de\/fussball\/index.php?rest_route=\/wp\/v2\/posts\/14974","targetHints":{"allow":["GET"]}}],"collection":[{"href":"https:\/\/www.djk-erlangen.de\/fussball\/index.php?rest_route=\/wp\/v2\/posts"}],"about":[{"href":"https:\/\/www.djk-erlangen.de\/fussball\/index.php?rest_route=\/wp\/v2\/types\/post"}],"author":[{"embeddable":true,"href":"https:\/\/www.djk-erlangen.de\/fussball\/index.php?rest_route=\/wp\/v2\/users\/36"}],"replies":[{"embeddable":true,"href":"https:\/\/www.djk-erlangen.de\/fussball\/index.php?rest_route=%2Fwp%2Fv2%2Fcomments&post=14974"}],"version-history":[{"count":5,"href":"https:\/\/www.djk-erlangen.de\/fussball\/index.php?rest_route=\/wp\/v2\/posts\/14974\/revisions"}],"predecessor-version":[{"id":14980,"href":"https:\/\/www.djk-erlangen.de\/fussball\/index.php?rest_route=\/wp\/v2\/posts\/14974\/revisions\/14980"}],"wp:attachment":[{"href":"https:\/\/www.djk-erlangen.de\/fussball\/index.php?rest_route=%2Fwp%2Fv2%2Fmedia&parent=14974"}],"wp:term":[{"taxonomy":"category","embeddable":true,"href":"https:\/\/www.djk-erlangen.de\/fussball\/index.php?rest_route=%2Fwp%2Fv2%2Fcategories&post=14974"},{"taxonomy":"post_tag","embeddable":true,"href":"https:\/\/www.djk-erlangen.de\/fussball\/index.php?rest_route=%2Fwp%2Fv2%2Ftags&post=14974"}],"curies":[{"name":"wp","href":"https:\/\/api.w.org\/{rel}","templated":true}]}}