{"id":1487,"date":"2009-10-19T19:56:18","date_gmt":"2009-10-19T17:56:18","guid":{"rendered":"http:\/\/www.djk-erlangen.de\/fussball\/?p=1487"},"modified":"2009-10-19T20:06:28","modified_gmt":"2009-10-19T18:06:28","slug":"djk-erlangen-ah-%e2%80%93-tsv-neunkirchen-a-br-ah-02-samstag-17-oktober-2009-1530h","status":"publish","type":"post","link":"https:\/\/www.djk-erlangen.de\/fussball\/?p=1487","title":{"rendered":"DJK Erlangen AH \u2013 TSV Neunkirchen a. Br. AH .:. <strong>0:2<\/strong> .:.<h5><strong>Samstag, 17. Oktober 2009, 15:30h<\/strong><\/h5>"},"content":{"rendered":"<p>Am Ende nahmen die Neunkirchner die Punkte aus dem Wiesengrund mit.<!--more--><\/p>\n<p>Beide Mannschaften waren ersatzgeschw\u00e4cht angetreten und es war lange Zeit ein ausgeglichenes Spiel auf dem C-Platz im Wiesengrund mit wenigen echten Torchancen auf beiden Seiten.<br \/>\nDie DJK hatte zu Beginn keine Ordnung in ihren Reihen, konnte jedoch erstmal den Kasten sauber halten.<br \/>\nMitte der zweiten Halbzeit verletzte sich unser Goalgetter Tommy M. am Oberschenkel, womit wir \u00fcberhaupt keinen Druck mehr nach vorne aus\u00fcben konnten.<br \/>\nZwei ungl\u00fcckliche Aktionen auf Seiten der DJK brachte die Neunkirchner dann endg\u00fcltig auf die Siegerstra\u00dfe.<\/p>\n","protected":false},"excerpt":{"rendered":"<p>Am Ende nahmen die Neunkirchner die Punkte aus dem Wiesengrund mit.<\/p>\n","protected":false},"author":3,"featured_media":0,"comment_status":"open","ping_status":"closed","sticky":false,"template":"","format":"standard","meta":{"jetpack_post_was_ever_published":false,"_jetpack_newsletter_access":"","_jetpack_dont_email_post_to_subs":false,"_jetpack_newsletter_tier_id":0,"_jetpack_memberships_contains_paywalled_content":false,"_jetpack_memberships_contains_paid_content":false,"footnotes":"","jetpack_publicize_message":"","jetpack_publicize_feature_enabled":true,"jetpack_social_post_already_shared":false,"jetpack_social_options":{"image_generator_settings":{"template":"highway","default_image_id":0,"font":"","enabled":false},"version":2}},"categories":[4],"tags":[],"class_list":["post-1487","post","type-post","status-publish","format-standard","hentry","category-ah"],"jetpack_publicize_connections":[],"jetpack_featured_media_url":"","jetpack_shortlink":"https:\/\/wp.me\/p2ZUr0-nZ","jetpack_sharing_enabled":true,"_links":{"self":[{"href":"https:\/\/www.djk-erlangen.de\/fussball\/index.php?rest_route=\/wp\/v2\/posts\/1487","targetHints":{"allow":["GET"]}}],"collection":[{"href":"https:\/\/www.djk-erlangen.de\/fussball\/index.php?rest_route=\/wp\/v2\/posts"}],"about":[{"href":"https:\/\/www.djk-erlangen.de\/fussball\/index.php?rest_route=\/wp\/v2\/types\/post"}],"author":[{"embeddable":true,"href":"https:\/\/www.djk-erlangen.de\/fussball\/index.php?rest_route=\/wp\/v2\/users\/3"}],"replies":[{"embeddable":true,"href":"https:\/\/www.djk-erlangen.de\/fussball\/index.php?rest_route=%2Fwp%2Fv2%2Fcomments&post=1487"}],"version-history":[{"count":5,"href":"https:\/\/www.djk-erlangen.de\/fussball\/index.php?rest_route=\/wp\/v2\/posts\/1487\/revisions"}],"predecessor-version":[{"id":1491,"href":"https:\/\/www.djk-erlangen.de\/fussball\/index.php?rest_route=\/wp\/v2\/posts\/1487\/revisions\/1491"}],"wp:attachment":[{"href":"https:\/\/www.djk-erlangen.de\/fussball\/index.php?rest_route=%2Fwp%2Fv2%2Fmedia&parent=1487"}],"wp:term":[{"taxonomy":"category","embeddable":true,"href":"https:\/\/www.djk-erlangen.de\/fussball\/index.php?rest_route=%2Fwp%2Fv2%2Fcategories&post=1487"},{"taxonomy":"post_tag","embeddable":true,"href":"https:\/\/www.djk-erlangen.de\/fussball\/index.php?rest_route=%2Fwp%2Fv2%2Ftags&post=1487"}],"curies":[{"name":"wp","href":"https:\/\/api.w.org\/{rel}","templated":true}]}}