{"id":14835,"date":"2018-09-14T21:23:22","date_gmt":"2018-09-14T19:23:22","guid":{"rendered":"http:\/\/www.djk-erlangen.de\/fussball\/?p=14835"},"modified":"2018-09-14T21:24:50","modified_gmt":"2018-09-14T19:24:50","slug":"audi-schanzer-fussballschule","status":"publish","type":"post","link":"https:\/\/www.djk-erlangen.de\/fussball\/?p=14835","title":{"rendered":"Audi Schanzer Fu\u00dfballschule"},"content":{"rendered":"<p>Die Audi Schanzer Fu\u00dfballschule hat uns in den h\u00f6chsten T\u00f6nen gelobt und macht daher auch im kommenden Jahr<br \/>\nvom 02.09.19 &#8211; 06.09.19 wieder Station bei uns auf dem Gel\u00e4nde um das Fu\u00dfballcamp f\u00fcr Kinder durchzuf\u00fchren.<br \/>\nSichert Euch heute schon einen der lukrativen Startpl\u00e4tze f\u00fcr 2019 und meldet Euch rechtzeitig an.<\/p>\n<p>Alle weiteren Infos findet Ihr hier:\u00a0https:\/\/www.audi-schanzer-fussballschule.de\/kontakt\/<\/p>\n<p>&nbsp;<\/p>\n","protected":false},"excerpt":{"rendered":"<p>Die Audi Schanzer Fu\u00dfballschule hat uns in den h\u00f6chsten T\u00f6nen gelobt und macht daher auch im kommenden Jahr vom 02.09.19 &#8211; 06.09.19 wieder Station bei uns auf dem Gel\u00e4nde um das Fu\u00dfballcamp f\u00fcr Kinder durchzuf\u00fchren. Sichert Euch heute schon einen &hellip; <a href=\"https:\/\/www.djk-erlangen.de\/fussball\/?p=14835\">Weiterlesen <span class=\"meta-nav\">&rarr;<\/span><\/a><\/p>\n","protected":false},"author":2,"featured_media":0,"comment_status":"open","ping_status":"closed","sticky":false,"template":"","format":"standard","meta":{"jetpack_post_was_ever_published":false,"_jetpack_newsletter_access":"","_jetpack_dont_email_post_to_subs":false,"_jetpack_newsletter_tier_id":0,"_jetpack_memberships_contains_paywalled_content":false,"_jetpack_memberships_contains_paid_content":false,"footnotes":"","jetpack_publicize_message":"","jetpack_publicize_feature_enabled":true,"jetpack_social_post_already_shared":true,"jetpack_social_options":{"image_generator_settings":{"template":"highway","default_image_id":0,"font":"","enabled":false},"version":2}},"categories":[49,47,8,14,39,51,38,50,15],"tags":[],"class_list":["post-14835","post","type-post","status-publish","format-standard","hentry","category-u10-e3","category-u11","category-u11-e1","category-u7","category-u8","category-u8-f3","category-u8-f3-2","category-u9","category-u9-f1"],"jetpack_publicize_connections":[],"jetpack_featured_media_url":"","jetpack_shortlink":"https:\/\/wp.me\/p2ZUr0-3Rh","jetpack_sharing_enabled":true,"_links":{"self":[{"href":"https:\/\/www.djk-erlangen.de\/fussball\/index.php?rest_route=\/wp\/v2\/posts\/14835","targetHints":{"allow":["GET"]}}],"collection":[{"href":"https:\/\/www.djk-erlangen.de\/fussball\/index.php?rest_route=\/wp\/v2\/posts"}],"about":[{"href":"https:\/\/www.djk-erlangen.de\/fussball\/index.php?rest_route=\/wp\/v2\/types\/post"}],"author":[{"embeddable":true,"href":"https:\/\/www.djk-erlangen.de\/fussball\/index.php?rest_route=\/wp\/v2\/users\/2"}],"replies":[{"embeddable":true,"href":"https:\/\/www.djk-erlangen.de\/fussball\/index.php?rest_route=%2Fwp%2Fv2%2Fcomments&post=14835"}],"version-history":[{"count":1,"href":"https:\/\/www.djk-erlangen.de\/fussball\/index.php?rest_route=\/wp\/v2\/posts\/14835\/revisions"}],"predecessor-version":[{"id":14836,"href":"https:\/\/www.djk-erlangen.de\/fussball\/index.php?rest_route=\/wp\/v2\/posts\/14835\/revisions\/14836"}],"wp:attachment":[{"href":"https:\/\/www.djk-erlangen.de\/fussball\/index.php?rest_route=%2Fwp%2Fv2%2Fmedia&parent=14835"}],"wp:term":[{"taxonomy":"category","embeddable":true,"href":"https:\/\/www.djk-erlangen.de\/fussball\/index.php?rest_route=%2Fwp%2Fv2%2Fcategories&post=14835"},{"taxonomy":"post_tag","embeddable":true,"href":"https:\/\/www.djk-erlangen.de\/fussball\/index.php?rest_route=%2Fwp%2Fv2%2Ftags&post=14835"}],"curies":[{"name":"wp","href":"https:\/\/api.w.org\/{rel}","templated":true}]}}