{"id":14780,"date":"2018-06-20T16:49:13","date_gmt":"2018-06-20T14:49:13","guid":{"rendered":"http:\/\/www.djk-erlangen.de\/fussball\/?p=14780"},"modified":"2018-06-30T17:58:09","modified_gmt":"2018-06-30T15:58:09","slug":"sichtungstraining-bei-der-djk-erlangen","status":"publish","type":"post","link":"https:\/\/www.djk-erlangen.de\/fussball\/?p=14780","title":{"rendered":"Sichtungstraining bei der DJK Erlangen Donnerstag 05.07.2018 17:30 Uhr"},"content":{"rendered":"<p>Die DJK Erlangen sucht f\u00fcr die kommende Saison Spieler f\u00fcr der Kreisklasse der D-Junioren. Daf\u00fcr l\u00e4dt der Verein interessierte Spieler zum Sichtungstraining am Donnerstag 05.07.18 um 17:30 Uhr auf dem Sportgel\u00e4nde der DJK im Wiesengrund ein.<\/p>\n<p>Die Sichtung betrifft die Jahrg\u00e4nge 2006 sowie 2002.<\/p>\n<p>&nbsp;<\/p>\n<p>Diese k\u00f6nnen ebenfalls zum o.g. Termin bei den Trainern ihr K\u00f6nnen unter Beweis stellen.<\/p>\n","protected":false},"excerpt":{"rendered":"<p>Die DJK Erlangen sucht f\u00fcr die kommende Saison Spieler f\u00fcr der Kreisklasse der D-Junioren. Daf\u00fcr l\u00e4dt der Verein interessierte Spieler zum Sichtungstraining am Donnerstag 05.07.18 um 17:30 Uhr auf dem Sportgel\u00e4nde der DJK im Wiesengrund ein. Die Sichtung betrifft die &hellip; <a href=\"https:\/\/www.djk-erlangen.de\/fussball\/?p=14780\">Weiterlesen <span class=\"meta-nav\">&rarr;<\/span><\/a><\/p>\n","protected":false},"author":9,"featured_media":0,"comment_status":"open","ping_status":"closed","sticky":false,"template":"","format":"standard","meta":{"jetpack_post_was_ever_published":false,"_jetpack_newsletter_access":"","_jetpack_dont_email_post_to_subs":false,"_jetpack_newsletter_tier_id":0,"_jetpack_memberships_contains_paywalled_content":false,"_jetpack_memberships_contains_paid_content":false,"footnotes":"","jetpack_publicize_message":"","jetpack_publicize_feature_enabled":true,"jetpack_social_post_already_shared":true,"jetpack_social_options":{"image_generator_settings":{"template":"highway","default_image_id":0,"font":"","enabled":false},"version":2}},"categories":[1],"tags":[],"class_list":["post-14780","post","type-post","status-publish","format-standard","hentry","category-allgemein"],"jetpack_publicize_connections":[],"jetpack_featured_media_url":"","jetpack_shortlink":"https:\/\/wp.me\/p2ZUr0-3Qo","jetpack_sharing_enabled":true,"_links":{"self":[{"href":"https:\/\/www.djk-erlangen.de\/fussball\/index.php?rest_route=\/wp\/v2\/posts\/14780","targetHints":{"allow":["GET"]}}],"collection":[{"href":"https:\/\/www.djk-erlangen.de\/fussball\/index.php?rest_route=\/wp\/v2\/posts"}],"about":[{"href":"https:\/\/www.djk-erlangen.de\/fussball\/index.php?rest_route=\/wp\/v2\/types\/post"}],"author":[{"embeddable":true,"href":"https:\/\/www.djk-erlangen.de\/fussball\/index.php?rest_route=\/wp\/v2\/users\/9"}],"replies":[{"embeddable":true,"href":"https:\/\/www.djk-erlangen.de\/fussball\/index.php?rest_route=%2Fwp%2Fv2%2Fcomments&post=14780"}],"version-history":[{"count":4,"href":"https:\/\/www.djk-erlangen.de\/fussball\/index.php?rest_route=\/wp\/v2\/posts\/14780\/revisions"}],"predecessor-version":[{"id":14791,"href":"https:\/\/www.djk-erlangen.de\/fussball\/index.php?rest_route=\/wp\/v2\/posts\/14780\/revisions\/14791"}],"wp:attachment":[{"href":"https:\/\/www.djk-erlangen.de\/fussball\/index.php?rest_route=%2Fwp%2Fv2%2Fmedia&parent=14780"}],"wp:term":[{"taxonomy":"category","embeddable":true,"href":"https:\/\/www.djk-erlangen.de\/fussball\/index.php?rest_route=%2Fwp%2Fv2%2Fcategories&post=14780"},{"taxonomy":"post_tag","embeddable":true,"href":"https:\/\/www.djk-erlangen.de\/fussball\/index.php?rest_route=%2Fwp%2Fv2%2Ftags&post=14780"}],"curies":[{"name":"wp","href":"https:\/\/api.w.org\/{rel}","templated":true}]}}