{"id":14776,"date":"2018-06-20T14:16:14","date_gmt":"2018-06-20T12:16:14","guid":{"rendered":"http:\/\/www.djk-erlangen.de\/fussball\/?p=14776"},"modified":"2018-06-20T16:47:25","modified_gmt":"2018-06-20T14:47:25","slug":"debakel-in-uttenreuth","status":"publish","type":"post","link":"https:\/\/www.djk-erlangen.de\/fussball\/?p=14776","title":{"rendered":"Debakel in Uttenreuth"},"content":{"rendered":"<p>Aufgrund von Verletzungssorgen und einiger WM-Teilnehmer mussten wir am 15.06. mit einem Rumpfkader gegen die AH des SC Uttenreuth um den ehemaligen DJK-Torh\u00fcter Markus H. antreten.<\/p>\n<p>Beide Mannschaften starten stark, jedoch gelang es uns besser, diverse hochkar\u00e4tige Torchancen herauszuspielen, die wir jedoch ungenutzt lie\u00dfen. In der 20. Minute war es dann allerdings soweit, durch einen hervorragenden Pass von Spielertrainer Matze E. in die Schnittstelle tauchte Andrei alleine vor dem gegnerischem Torwart auf und brachte uns in F\u00fchrung.<!--more--><\/p>\n<p>Allerdings gelang es dem Gegner nur kurze Zeit sp\u00e4ter die uneingespielte Abwehr durch einen Pass in die Tiefe zu \u00fcberlisten und glich verdient aus. Nach einem Freisto\u00df von Matze E., den der Torwart nicht festhalten konnte, vergab Markus B. die n\u00e4chste 100prozentige freistehend vor dem Tor. Nicht nur, dass unser Torwart angeschlagen in das Spiel ging und man ihm die fehlende Form anmerkte, wir verloren leider nach den vergegeben Chancen komplett den Faden, leisteten uns zuviele einfache Ballverluste im Aufbauspiel und gerieten immer weiter in R\u00fcckstand, so dass es zur Halbzeit bereits 1:4 stand. Nach dem Seitenwechsel und einem Distanzschuss des Gegners zum 1:5 musste unser Torwart den Platz verletzt verlassen und wurde durch erneut durch Mittelfeldmann Markus B. ersetzt.<\/p>\n<p>Eigentlich m\u00fcsste man sagen, LEIDER waren wir ab diesem Moment nur noch zu Zehnt, allerdings gelang es uns erstaunlicherweise die Defensive ab diesem Zeitpunkt stabil zu halten, so dass wir kein weiteres Gegentor mehr hinnehmen mussten, konnte allerdings auch die ein oder andere Konterm\u00f6glichkeiten nicht mehr vern\u00fcnftig zu Ende spielen.<\/p>\n<p>Da unser n\u00e4chstes Spiel gegen den ASV M\u00f6hrendorf leider ausfallen muss, geht es am Samstag, 23.06. mit unserem j\u00e4hrlichem Grillfest und dann mit der Partie am Samstag, 30.06. gegen den SC Gremsdorf im heimischem Wiesengrund weiter.<\/p>\n","protected":false},"excerpt":{"rendered":"<p>Aufgrund von Verletzungssorgen und einiger WM-Teilnehmer mussten wir am 15.06. mit einem Rumpfkader gegen die AH des SC Uttenreuth um den ehemaligen DJK-Torh\u00fcter Markus H. antreten. Beide Mannschaften starten stark, jedoch gelang es uns besser, diverse hochkar\u00e4tige Torchancen herauszuspielen, die &hellip; <a href=\"https:\/\/www.djk-erlangen.de\/fussball\/?p=14776\">Weiterlesen <span class=\"meta-nav\">&rarr;<\/span><\/a><\/p>\n","protected":false},"author":49,"featured_media":0,"comment_status":"open","ping_status":"closed","sticky":false,"template":"","format":"standard","meta":{"jetpack_post_was_ever_published":false,"_jetpack_newsletter_access":"","_jetpack_dont_email_post_to_subs":false,"_jetpack_newsletter_tier_id":0,"_jetpack_memberships_contains_paywalled_content":false,"_jetpack_memberships_contains_paid_content":false,"footnotes":"","jetpack_publicize_message":"","jetpack_publicize_feature_enabled":true,"jetpack_social_post_already_shared":true,"jetpack_social_options":{"image_generator_settings":{"template":"highway","default_image_id":0,"font":"","enabled":false},"version":2}},"categories":[4],"tags":[],"class_list":["post-14776","post","type-post","status-publish","format-standard","hentry","category-ah"],"jetpack_publicize_connections":[],"jetpack_featured_media_url":"","jetpack_shortlink":"https:\/\/wp.me\/p2ZUr0-3Qk","jetpack_sharing_enabled":true,"_links":{"self":[{"href":"https:\/\/www.djk-erlangen.de\/fussball\/index.php?rest_route=\/wp\/v2\/posts\/14776","targetHints":{"allow":["GET"]}}],"collection":[{"href":"https:\/\/www.djk-erlangen.de\/fussball\/index.php?rest_route=\/wp\/v2\/posts"}],"about":[{"href":"https:\/\/www.djk-erlangen.de\/fussball\/index.php?rest_route=\/wp\/v2\/types\/post"}],"author":[{"embeddable":true,"href":"https:\/\/www.djk-erlangen.de\/fussball\/index.php?rest_route=\/wp\/v2\/users\/49"}],"replies":[{"embeddable":true,"href":"https:\/\/www.djk-erlangen.de\/fussball\/index.php?rest_route=%2Fwp%2Fv2%2Fcomments&post=14776"}],"version-history":[{"count":2,"href":"https:\/\/www.djk-erlangen.de\/fussball\/index.php?rest_route=\/wp\/v2\/posts\/14776\/revisions"}],"predecessor-version":[{"id":14778,"href":"https:\/\/www.djk-erlangen.de\/fussball\/index.php?rest_route=\/wp\/v2\/posts\/14776\/revisions\/14778"}],"wp:attachment":[{"href":"https:\/\/www.djk-erlangen.de\/fussball\/index.php?rest_route=%2Fwp%2Fv2%2Fmedia&parent=14776"}],"wp:term":[{"taxonomy":"category","embeddable":true,"href":"https:\/\/www.djk-erlangen.de\/fussball\/index.php?rest_route=%2Fwp%2Fv2%2Fcategories&post=14776"},{"taxonomy":"post_tag","embeddable":true,"href":"https:\/\/www.djk-erlangen.de\/fussball\/index.php?rest_route=%2Fwp%2Fv2%2Ftags&post=14776"}],"curies":[{"name":"wp","href":"https:\/\/api.w.org\/{rel}","templated":true}]}}