{"id":14734,"date":"2018-05-17T10:51:05","date_gmt":"2018-05-17T08:51:05","guid":{"rendered":"http:\/\/www.djk-erlangen.de\/fussball\/?p=14734"},"modified":"2018-05-17T12:20:34","modified_gmt":"2018-05-17T10:20:34","slug":"saisonstart-alte-herren-2018","status":"publish","type":"post","link":"https:\/\/www.djk-erlangen.de\/fussball\/?p=14734","title":{"rendered":"Saisonstart Alte Herren 2018"},"content":{"rendered":"<p>Eine kleine Zusammenfassung der ersten Wochen der neuen Saison:<\/p>\n<p>Am 7. April starten wir mit unserem Auftakttraining und der anschlie\u00dfenden Sitzung in die neue Saison. Im Rahmen der Sitzung wurden einige allgemeine Themen zur neuen Saison besprochen und auch ein neuer Kassenwart musste gefunden werden. <strong>Vielen Dank an Volker<\/strong>, dass du dich daf\u00fcr zur Verf\u00fcgung stellst.<\/p>\n<p>Am 13. April fand unser erstes Saisonspiel beim FC Dechsendorf statt, leider musste das Spiel mit dem Halbzeitpfiff abgebrochen werden, da sich ein Dechsendorfer schwer am Knie verletzte. <strong>Wir w\u00fcnschen weiterhin gute Genesung.<\/strong> Spielerisch gibt es zu dem Spiel wenig zu sagen. Es lief, wie es eben so l\u00e4uft, wenn man aus der langen Hallensaison auf das Gro\u00dffeld zur\u00fcckkehrt. Nach einem eigentlich gutem Start, verloren wir zusehends den Faden, leisteten uns fahrl\u00e4ssigste Ballverluste im Aufbauspiel und mussten folglich das 1:0 f\u00fcr die Gastgeber hinnehmen. Aufgrund der mangelhaften Chancenverwertung des Gegners blieb es bis zum Abbruch gl\u00fccklicherweise bei diesem Ergebnis.<\/p>\n<p>Das n\u00e4chste Saisonspiel fand aufgrund einer durch die Jahreshauptversammlung notwendigen Verschiebung des Spieltermins am 25. April beim\u00a0 BSC statt. <strong>Vielen Dank an den BSC f\u00fcr das Entgegenkommen in diesem Fall. <\/strong>Im Derby pr\u00e4sentierte unsere Mannschaft eine klare Leistungssteigerung gegen\u00fcber dem Spiel gegen Dechsendorf und so konnten wir das Spiel 1:2 (Tore: Alex N., Andrei) f\u00fcr uns entscheiden.<\/p>\n<p>Leider musste das n\u00e4chste Spiel gegen die BSG INA 80 vom Gegner abgesagt werden.<\/p>\n<p>Am 5. Mai fand dann zum zweiten Mal unsere gemeinsame Radtour statt, leider fanden sich dieses Jahr aber nur sehr wenige Interessierte, die daran teilnehmen konnten. <strong>Trotzallem vielen Dank an Mario f\u00fcr die Organisation, hoffentlich finden sich n\u00e4chstes Jahr wieder mehr Teilnehmer.<\/strong><\/p>\n<p>Der Mai ist dieses Jahr aufgrund der Vielzahl von Feiertagen und der Pfingstferien spielfrei, so dass es zur Zeit wenig zu berichten gibt und geben wird. Das n\u00e4chste AH-Training findet am 28. Mai (sollten sich aufgrund der Ferien ausreichend Teilnehmer finden) und das n\u00e4chste Spiel 8. Juni statt.<\/p>\n<p>In diesem Sinne: Eine sch\u00f6ne Berg-Zeit, allen Urlaub einen sch\u00f6nen Urlaub.<\/p>\n","protected":false},"excerpt":{"rendered":"<p>Eine kleine Zusammenfassung der ersten Wochen der neuen Saison: Am 7. April starten wir mit unserem Auftakttraining und der anschlie\u00dfenden Sitzung in die neue Saison. Im Rahmen der Sitzung wurden einige allgemeine Themen zur neuen Saison besprochen und auch ein &hellip; <a href=\"https:\/\/www.djk-erlangen.de\/fussball\/?p=14734\">Weiterlesen <span class=\"meta-nav\">&rarr;<\/span><\/a><\/p>\n","protected":false},"author":49,"featured_media":0,"comment_status":"open","ping_status":"closed","sticky":false,"template":"","format":"standard","meta":{"jetpack_post_was_ever_published":false,"_jetpack_newsletter_access":"","_jetpack_dont_email_post_to_subs":false,"_jetpack_newsletter_tier_id":0,"_jetpack_memberships_contains_paywalled_content":false,"_jetpack_memberships_contains_paid_content":false,"footnotes":"","jetpack_publicize_message":"","jetpack_publicize_feature_enabled":true,"jetpack_social_post_already_shared":true,"jetpack_social_options":{"image_generator_settings":{"template":"highway","default_image_id":0,"font":"","enabled":false},"version":2}},"categories":[4],"tags":[],"class_list":["post-14734","post","type-post","status-publish","format-standard","hentry","category-ah"],"jetpack_publicize_connections":[],"jetpack_featured_media_url":"","jetpack_shortlink":"https:\/\/wp.me\/p2ZUr0-3PE","jetpack_sharing_enabled":true,"_links":{"self":[{"href":"https:\/\/www.djk-erlangen.de\/fussball\/index.php?rest_route=\/wp\/v2\/posts\/14734","targetHints":{"allow":["GET"]}}],"collection":[{"href":"https:\/\/www.djk-erlangen.de\/fussball\/index.php?rest_route=\/wp\/v2\/posts"}],"about":[{"href":"https:\/\/www.djk-erlangen.de\/fussball\/index.php?rest_route=\/wp\/v2\/types\/post"}],"author":[{"embeddable":true,"href":"https:\/\/www.djk-erlangen.de\/fussball\/index.php?rest_route=\/wp\/v2\/users\/49"}],"replies":[{"embeddable":true,"href":"https:\/\/www.djk-erlangen.de\/fussball\/index.php?rest_route=%2Fwp%2Fv2%2Fcomments&post=14734"}],"version-history":[{"count":7,"href":"https:\/\/www.djk-erlangen.de\/fussball\/index.php?rest_route=\/wp\/v2\/posts\/14734\/revisions"}],"predecessor-version":[{"id":14741,"href":"https:\/\/www.djk-erlangen.de\/fussball\/index.php?rest_route=\/wp\/v2\/posts\/14734\/revisions\/14741"}],"wp:attachment":[{"href":"https:\/\/www.djk-erlangen.de\/fussball\/index.php?rest_route=%2Fwp%2Fv2%2Fmedia&parent=14734"}],"wp:term":[{"taxonomy":"category","embeddable":true,"href":"https:\/\/www.djk-erlangen.de\/fussball\/index.php?rest_route=%2Fwp%2Fv2%2Fcategories&post=14734"},{"taxonomy":"post_tag","embeddable":true,"href":"https:\/\/www.djk-erlangen.de\/fussball\/index.php?rest_route=%2Fwp%2Fv2%2Ftags&post=14734"}],"curies":[{"name":"wp","href":"https:\/\/api.w.org\/{rel}","templated":true}]}}