{"id":14724,"date":"2018-05-01T10:41:55","date_gmt":"2018-05-01T08:41:55","guid":{"rendered":"http:\/\/www.djk-erlangen.de\/fussball\/?p=14724"},"modified":"2018-05-01T10:41:55","modified_gmt":"2018-05-01T08:41:55","slug":"spieltag-3-gegen-sv-langensendelbach-bei-uns","status":"publish","type":"post","link":"https:\/\/www.djk-erlangen.de\/fussball\/?p=14724","title":{"rendered":"Spieltag 3 gegen SV Langensendelbach bei uns"},"content":{"rendered":"<p>Am 27.4.2018 war Langensendelbach zur Gast bei uns.<br \/>\nDas Wetter war toll und unsere Jungs hatten sehr gute Laune, da wir ein Heimspiel hatten. Um 17 Uhr ging das Spiel los, die Kids spielten tolle Kombinationen. So stand es nicht unverdient nach 10 Minuten 8:0 f\u00fcr uns. Wir Trainer wechselten nach 10 Minuten, und unser Spiel nahm noch mehr Fahrt auf. Die Spieler die rein haben unsere Erwartungen \u00fcbertroffen. Zur Pause stand es verdient 16:0 f\u00fcr uns.<\/p>\n<p>In der zweiten Halbzeit haben die Jungs einige G\u00e4nge zur\u00fcck geschaltet dennoch toll zusammen Fu\u00dfball gespielt. Wir waren im Abschlu\u00df nicht mehr so gut wie in der ersten Halbzeit. Die Abwehr hatte die Aufgabe den Ball laufen zu lassen, da wir unser Kombinationsspiel verbessern wollen, das klappte f\u00fcr das erste Mal ganz gut. Die Angreifer sollten die Position halten und damit R\u00e4ume schaffen f\u00fcr unser Spiel, das klappte nicht so gut, dennoch konnten die Jungs bei einem Endstand von 17:0\u00a0\u00a0sehr Stolz auf ihre Leistung sein! Insbesondere unsere kleinen zeigten was sie drauf haben und dass die Jungs super mithalten k\u00f6nnen! 8 verschieden Torsch\u00fctzen fantastisch!!!<\/p>\n<p>An allem anderen werden wir in den n\u00e4chsten Wochen arbeiten:)<br \/>\nVerdient gab es nach dem Elfmeter schie\u00dfen Eis f\u00fcr beide Mannschaften!<\/p>\n<p>P.S F\u00fcr diese tolle Mannschaft wird noch:<br \/>\nSpieler zur Verst\u00e4rkung gesucht\u2026Kids Jahrgang 2009 kommt einfach vorbei. Wir freuen uns auf euch.<br \/>\nBei Interesse einfach melden!<br \/>\nTel :015114743198<\/p>\n<p>Training:<br \/>\nDienstag und Donnerstag 17-18:30 Uhr.<\/p>\n","protected":false},"excerpt":{"rendered":"<p>Am 27.4.2018 war Langensendelbach zur Gast bei uns. Das Wetter war toll und unsere Jungs hatten sehr gute Laune, da wir ein Heimspiel hatten. Um 17 Uhr ging das Spiel los, die Kids spielten tolle Kombinationen. So stand es nicht &hellip; <a href=\"https:\/\/www.djk-erlangen.de\/fussball\/?p=14724\">Weiterlesen <span class=\"meta-nav\">&rarr;<\/span><\/a><\/p>\n","protected":false},"author":48,"featured_media":0,"comment_status":"open","ping_status":"closed","sticky":false,"template":"","format":"standard","meta":{"jetpack_post_was_ever_published":false,"_jetpack_newsletter_access":"","_jetpack_dont_email_post_to_subs":false,"_jetpack_newsletter_tier_id":0,"_jetpack_memberships_contains_paywalled_content":false,"_jetpack_memberships_contains_paid_content":false,"footnotes":"","jetpack_publicize_message":"","jetpack_publicize_feature_enabled":true,"jetpack_social_post_already_shared":true,"jetpack_social_options":{"image_generator_settings":{"template":"highway","default_image_id":0,"font":"","enabled":false},"version":2}},"categories":[15],"tags":[],"class_list":["post-14724","post","type-post","status-publish","format-standard","hentry","category-u9-f1"],"jetpack_publicize_connections":[],"jetpack_featured_media_url":"","jetpack_shortlink":"https:\/\/wp.me\/p2ZUr0-3Pu","jetpack_sharing_enabled":true,"_links":{"self":[{"href":"https:\/\/www.djk-erlangen.de\/fussball\/index.php?rest_route=\/wp\/v2\/posts\/14724","targetHints":{"allow":["GET"]}}],"collection":[{"href":"https:\/\/www.djk-erlangen.de\/fussball\/index.php?rest_route=\/wp\/v2\/posts"}],"about":[{"href":"https:\/\/www.djk-erlangen.de\/fussball\/index.php?rest_route=\/wp\/v2\/types\/post"}],"author":[{"embeddable":true,"href":"https:\/\/www.djk-erlangen.de\/fussball\/index.php?rest_route=\/wp\/v2\/users\/48"}],"replies":[{"embeddable":true,"href":"https:\/\/www.djk-erlangen.de\/fussball\/index.php?rest_route=%2Fwp%2Fv2%2Fcomments&post=14724"}],"version-history":[{"count":1,"href":"https:\/\/www.djk-erlangen.de\/fussball\/index.php?rest_route=\/wp\/v2\/posts\/14724\/revisions"}],"predecessor-version":[{"id":14725,"href":"https:\/\/www.djk-erlangen.de\/fussball\/index.php?rest_route=\/wp\/v2\/posts\/14724\/revisions\/14725"}],"wp:attachment":[{"href":"https:\/\/www.djk-erlangen.de\/fussball\/index.php?rest_route=%2Fwp%2Fv2%2Fmedia&parent=14724"}],"wp:term":[{"taxonomy":"category","embeddable":true,"href":"https:\/\/www.djk-erlangen.de\/fussball\/index.php?rest_route=%2Fwp%2Fv2%2Fcategories&post=14724"},{"taxonomy":"post_tag","embeddable":true,"href":"https:\/\/www.djk-erlangen.de\/fussball\/index.php?rest_route=%2Fwp%2Fv2%2Ftags&post=14724"}],"curies":[{"name":"wp","href":"https:\/\/api.w.org\/{rel}","templated":true}]}}