{"id":14722,"date":"2018-05-01T10:30:23","date_gmt":"2018-05-01T08:30:23","guid":{"rendered":"http:\/\/www.djk-erlangen.de\/fussball\/?p=14722"},"modified":"2018-05-01T10:30:23","modified_gmt":"2018-05-01T08:30:23","slug":"spieltag-2-in-effeltrich","status":"publish","type":"post","link":"https:\/\/www.djk-erlangen.de\/fussball\/?p=14722","title":{"rendered":"Spieltag 2 in Effeltrich"},"content":{"rendered":"<p>Am 24.4.2018 waren wir zur Gast in Effeltrich. Die Mannschaft war komplett. Danke an die Eltern!<br \/>\nEs war wundersch\u00f6nes Wetter und unsere Jungs waren hei\u00df auf das Spiel. Unsere F1 erwischte einen guten Start und f\u00fchrte nach 5 Minuten bereits mit 3:0, wir spielten ordentlich nach vorne und hatten kaum Fehler in unserem Spiel. Das zusammen spielen klappte sehr gut. Zur Pause stand es 6:0 f\u00fcr uns.<\/p>\n<p>In der zweiten Halbzeit kamen die 2010er rein und haben von Anfang hervorragend mitgespielt. Wir haben weiterhin tollen Fu\u00dfball gespielt und hatten keinen Bruch in unserem Spiel. Im Abschlu\u00df waren wir viel besser als im letzten Spiel. Die Jungs vertrauen sich auf dem Spielfeld, toll das zu beobachten. Wir haben am Ende verdient mit 14:0 gewonnen.<\/p>\n<p>Die Jungs haben alle Positionen auf dem Spielfeld gespielt, das hilft das Spiel zu verstehen.<br \/>\nJetzt wird jeder Spieler eingeteilt und spielt diese Postion bis Ende der Saison. Wir Trainer werden die Spieler ab jetzt individuell trainieren und die Jungs technisch noch mehr fordern auf der bestimmten Position.<\/p>\n<p>P.S F\u00fcr diese tolle Mannschaft wird noch:<br \/>\nSpieler zur Verst\u00e4rkung gesucht\u2026Kids Jahrgang 2009 kommt einfach vorbei. Wir freuen uns auf euch.<br \/>\nBei Interesse einfach melden!<br \/>\nTel :015114743198<\/p>\n<p>Training:<br \/>\nDienstag und Donnerstag 17-18:30 Uhr.<\/p>\n","protected":false},"excerpt":{"rendered":"<p>Am 24.4.2018 waren wir zur Gast in Effeltrich. Die Mannschaft war komplett. Danke an die Eltern! Es war wundersch\u00f6nes Wetter und unsere Jungs waren hei\u00df auf das Spiel. Unsere F1 erwischte einen guten Start und f\u00fchrte nach 5 Minuten bereits &hellip; <a href=\"https:\/\/www.djk-erlangen.de\/fussball\/?p=14722\">Weiterlesen <span class=\"meta-nav\">&rarr;<\/span><\/a><\/p>\n","protected":false},"author":48,"featured_media":0,"comment_status":"open","ping_status":"closed","sticky":false,"template":"","format":"standard","meta":{"jetpack_post_was_ever_published":false,"_jetpack_newsletter_access":"","_jetpack_dont_email_post_to_subs":false,"_jetpack_newsletter_tier_id":0,"_jetpack_memberships_contains_paywalled_content":false,"_jetpack_memberships_contains_paid_content":false,"footnotes":"","jetpack_publicize_message":"","jetpack_publicize_feature_enabled":true,"jetpack_social_post_already_shared":true,"jetpack_social_options":{"image_generator_settings":{"template":"highway","default_image_id":0,"font":"","enabled":false},"version":2}},"categories":[15],"tags":[],"class_list":["post-14722","post","type-post","status-publish","format-standard","hentry","category-u9-f1"],"jetpack_publicize_connections":[],"jetpack_featured_media_url":"","jetpack_shortlink":"https:\/\/wp.me\/p2ZUr0-3Ps","jetpack_sharing_enabled":true,"_links":{"self":[{"href":"https:\/\/www.djk-erlangen.de\/fussball\/index.php?rest_route=\/wp\/v2\/posts\/14722","targetHints":{"allow":["GET"]}}],"collection":[{"href":"https:\/\/www.djk-erlangen.de\/fussball\/index.php?rest_route=\/wp\/v2\/posts"}],"about":[{"href":"https:\/\/www.djk-erlangen.de\/fussball\/index.php?rest_route=\/wp\/v2\/types\/post"}],"author":[{"embeddable":true,"href":"https:\/\/www.djk-erlangen.de\/fussball\/index.php?rest_route=\/wp\/v2\/users\/48"}],"replies":[{"embeddable":true,"href":"https:\/\/www.djk-erlangen.de\/fussball\/index.php?rest_route=%2Fwp%2Fv2%2Fcomments&post=14722"}],"version-history":[{"count":1,"href":"https:\/\/www.djk-erlangen.de\/fussball\/index.php?rest_route=\/wp\/v2\/posts\/14722\/revisions"}],"predecessor-version":[{"id":14723,"href":"https:\/\/www.djk-erlangen.de\/fussball\/index.php?rest_route=\/wp\/v2\/posts\/14722\/revisions\/14723"}],"wp:attachment":[{"href":"https:\/\/www.djk-erlangen.de\/fussball\/index.php?rest_route=%2Fwp%2Fv2%2Fmedia&parent=14722"}],"wp:term":[{"taxonomy":"category","embeddable":true,"href":"https:\/\/www.djk-erlangen.de\/fussball\/index.php?rest_route=%2Fwp%2Fv2%2Fcategories&post=14722"},{"taxonomy":"post_tag","embeddable":true,"href":"https:\/\/www.djk-erlangen.de\/fussball\/index.php?rest_route=%2Fwp%2Fv2%2Ftags&post=14722"}],"curies":[{"name":"wp","href":"https:\/\/api.w.org\/{rel}","templated":true}]}}