{"id":14704,"date":"2018-04-13T22:19:07","date_gmt":"2018-04-13T20:19:07","guid":{"rendered":"http:\/\/www.djk-erlangen.de\/fussball\/?p=14704"},"modified":"2018-04-13T22:19:07","modified_gmt":"2018-04-13T20:19:07","slug":"u9-testet-gegen-das-nlz-vom-1-fc-nuernberg","status":"publish","type":"post","link":"https:\/\/www.djk-erlangen.de\/fussball\/?p=14704","title":{"rendered":"U9 testet gegen das NLZ vom 1. FC N\u00fcrnberg"},"content":{"rendered":"<p>Am Samstag, 21.04.18 empf\u00e4ngt der Seriensieger der Herbstrunde und aktueller Hallenkreismeister der U9 um 12:00 Uhr die Nachwuchskicker aus dem NLZ des 1. FC N\u00fcrnberg.<br \/>\nGespielt wird im DJK Sportpark im Wiesengrund. Die Mannschaften w\u00fcrden sich \u00fcber zahlreiche Zuschauer sehr freuen.<\/p>\n","protected":false},"excerpt":{"rendered":"<p>Am Samstag, 21.04.18 empf\u00e4ngt der Seriensieger der Herbstrunde und aktueller Hallenkreismeister der U9 um 12:00 Uhr die Nachwuchskicker aus dem NLZ des 1. FC N\u00fcrnberg. Gespielt wird im DJK Sportpark im Wiesengrund. Die Mannschaften w\u00fcrden sich \u00fcber zahlreiche Zuschauer sehr &hellip; <a href=\"https:\/\/www.djk-erlangen.de\/fussball\/?p=14704\">Weiterlesen <span class=\"meta-nav\">&rarr;<\/span><\/a><\/p>\n","protected":false},"author":2,"featured_media":0,"comment_status":"open","ping_status":"closed","sticky":false,"template":"","format":"standard","meta":{"jetpack_post_was_ever_published":false,"_jetpack_newsletter_access":"","_jetpack_dont_email_post_to_subs":false,"_jetpack_newsletter_tier_id":0,"_jetpack_memberships_contains_paywalled_content":false,"_jetpack_memberships_contains_paid_content":false,"footnotes":"","jetpack_publicize_message":"","jetpack_publicize_feature_enabled":true,"jetpack_social_post_already_shared":true,"jetpack_social_options":{"image_generator_settings":{"template":"highway","default_image_id":0,"font":"","enabled":false},"version":2}},"categories":[50,15],"tags":[],"class_list":["post-14704","post","type-post","status-publish","format-standard","hentry","category-u9","category-u9-f1"],"jetpack_publicize_connections":[],"jetpack_featured_media_url":"","jetpack_shortlink":"https:\/\/wp.me\/p2ZUr0-3Pa","jetpack_sharing_enabled":true,"_links":{"self":[{"href":"https:\/\/www.djk-erlangen.de\/fussball\/index.php?rest_route=\/wp\/v2\/posts\/14704","targetHints":{"allow":["GET"]}}],"collection":[{"href":"https:\/\/www.djk-erlangen.de\/fussball\/index.php?rest_route=\/wp\/v2\/posts"}],"about":[{"href":"https:\/\/www.djk-erlangen.de\/fussball\/index.php?rest_route=\/wp\/v2\/types\/post"}],"author":[{"embeddable":true,"href":"https:\/\/www.djk-erlangen.de\/fussball\/index.php?rest_route=\/wp\/v2\/users\/2"}],"replies":[{"embeddable":true,"href":"https:\/\/www.djk-erlangen.de\/fussball\/index.php?rest_route=%2Fwp%2Fv2%2Fcomments&post=14704"}],"version-history":[{"count":1,"href":"https:\/\/www.djk-erlangen.de\/fussball\/index.php?rest_route=\/wp\/v2\/posts\/14704\/revisions"}],"predecessor-version":[{"id":14705,"href":"https:\/\/www.djk-erlangen.de\/fussball\/index.php?rest_route=\/wp\/v2\/posts\/14704\/revisions\/14705"}],"wp:attachment":[{"href":"https:\/\/www.djk-erlangen.de\/fussball\/index.php?rest_route=%2Fwp%2Fv2%2Fmedia&parent=14704"}],"wp:term":[{"taxonomy":"category","embeddable":true,"href":"https:\/\/www.djk-erlangen.de\/fussball\/index.php?rest_route=%2Fwp%2Fv2%2Fcategories&post=14704"},{"taxonomy":"post_tag","embeddable":true,"href":"https:\/\/www.djk-erlangen.de\/fussball\/index.php?rest_route=%2Fwp%2Fv2%2Ftags&post=14704"}],"curies":[{"name":"wp","href":"https:\/\/api.w.org\/{rel}","templated":true}]}}