{"id":14611,"date":"2018-01-05T13:05:27","date_gmt":"2018-01-05T12:05:27","guid":{"rendered":"http:\/\/www.djk-erlangen.de\/fussball\/?p=14611"},"modified":"2018-01-05T13:06:09","modified_gmt":"2018-01-05T12:06:09","slug":"grosse-ehrung-fuer-marib","status":"publish","type":"post","link":"https:\/\/www.djk-erlangen.de\/fussball\/?p=14611","title":{"rendered":"Gro\u00dfe Ehrung f\u00fcr Marib"},"content":{"rendered":"<p>In gro\u00dfem Rahmen wurden die erfolgreichsten Erlanger Sportler 2017 im Redoutensaal geehrt.<\/p>\n<p>Zum ersten Mal wurde auch ein Sportler der DJK Erlangen ausgezeichnet.<\/p>\n<p>Marib Aldoais wurde mit der Ehrennadel der Stadt Erlangen f\u00fcr die erfolgreiche Teilnahme an den World Dwarf Games ausgezeichnet.<!--more--><\/p>\n<p>Gold als Kapit\u00e4n der deutschen Fu\u00dfball Nationalmannschaft<\/p>\n<p>Gold in der Leichtathletik 200 m und 4 x 100 m<\/p>\n<p>Die Auszeichnung wurde vom Sportamts-Leiter Ulrich Klement und der Sportb\u00fcrgermeisterin Susanne Lender-Cassens\u00a0\u00fcbergeben.<\/p>\n<p>Herzlichen Gl\u00fcckwunsch!<\/p>\n<p><a href=\"http:\/\/www.djk-erlangen.de\/fussball\/wp-content\/uploads\/2018\/01\/OBJ8610740_1.jpg\"><img loading=\"lazy\" decoding=\"async\" class=\"aligncenter size-full wp-image-14612\" src=\"http:\/\/www.djk-erlangen.de\/fussball\/wp-content\/uploads\/2018\/01\/OBJ8610740_1.jpg\" alt=\"\" width=\"588\" height=\"331\" srcset=\"https:\/\/www.djk-erlangen.de\/fussball\/wp-content\/uploads\/2018\/01\/OBJ8610740_1.jpg 588w, https:\/\/www.djk-erlangen.de\/fussball\/wp-content\/uploads\/2018\/01\/OBJ8610740_1-150x84.jpg 150w, https:\/\/www.djk-erlangen.de\/fussball\/wp-content\/uploads\/2018\/01\/OBJ8610740_1-300x169.jpg 300w\" sizes=\"auto, (max-width: 588px) 100vw, 588px\" \/><\/a><\/p>\n<div id=\"attachment_14613\" style=\"width: 592px\" class=\"wp-caption aligncenter\"><a href=\"http:\/\/www.djk-erlangen.de\/fussball\/wp-content\/uploads\/2018\/01\/IMG_20171205_192811.jpg\"><img loading=\"lazy\" decoding=\"async\" aria-describedby=\"caption-attachment-14613\" class=\" wp-image-14613\" src=\"http:\/\/www.djk-erlangen.de\/fussball\/wp-content\/uploads\/2018\/01\/IMG_20171205_192811.jpg\" alt=\"\" width=\"582\" height=\"776\" srcset=\"https:\/\/www.djk-erlangen.de\/fussball\/wp-content\/uploads\/2018\/01\/IMG_20171205_192811.jpg 2976w, https:\/\/www.djk-erlangen.de\/fussball\/wp-content\/uploads\/2018\/01\/IMG_20171205_192811-113x150.jpg 113w, https:\/\/www.djk-erlangen.de\/fussball\/wp-content\/uploads\/2018\/01\/IMG_20171205_192811-225x300.jpg 225w, https:\/\/www.djk-erlangen.de\/fussball\/wp-content\/uploads\/2018\/01\/IMG_20171205_192811-768x1024.jpg 768w\" sizes=\"auto, (max-width: 582px) 100vw, 582px\" \/><\/a><p id=\"caption-attachment-14613\" class=\"wp-caption-text\">bty<\/p><\/div>\n<div id=\"attachment_14614\" style=\"width: 558px\" class=\"wp-caption aligncenter\"><a href=\"http:\/\/www.djk-erlangen.de\/fussball\/wp-content\/uploads\/2018\/01\/IMG_20171205_192933.jpg\"><img loading=\"lazy\" decoding=\"async\" aria-describedby=\"caption-attachment-14614\" class=\" wp-image-14614\" src=\"http:\/\/www.djk-erlangen.de\/fussball\/wp-content\/uploads\/2018\/01\/IMG_20171205_192933.jpg\" alt=\"\" width=\"548\" height=\"730\" srcset=\"https:\/\/www.djk-erlangen.de\/fussball\/wp-content\/uploads\/2018\/01\/IMG_20171205_192933.jpg 2976w, https:\/\/www.djk-erlangen.de\/fussball\/wp-content\/uploads\/2018\/01\/IMG_20171205_192933-113x150.jpg 113w, https:\/\/www.djk-erlangen.de\/fussball\/wp-content\/uploads\/2018\/01\/IMG_20171205_192933-225x300.jpg 225w, https:\/\/www.djk-erlangen.de\/fussball\/wp-content\/uploads\/2018\/01\/IMG_20171205_192933-768x1024.jpg 768w\" sizes=\"auto, (max-width: 548px) 100vw, 548px\" \/><\/a><p id=\"caption-attachment-14614\" class=\"wp-caption-text\">bty<\/p><\/div>\n<p>&nbsp;<\/p>\n","protected":false},"excerpt":{"rendered":"<p>In gro\u00dfem Rahmen wurden die erfolgreichsten Erlanger Sportler 2017 im Redoutensaal geehrt. Zum ersten Mal wurde auch ein Sportler der DJK Erlangen ausgezeichnet. Marib Aldoais wurde mit der Ehrennadel der Stadt Erlangen f\u00fcr die erfolgreiche Teilnahme an den World Dwarf &hellip; <a href=\"https:\/\/www.djk-erlangen.de\/fussball\/?p=14611\">Weiterlesen <span class=\"meta-nav\">&rarr;<\/span><\/a><\/p>\n","protected":false},"author":9,"featured_media":0,"comment_status":"open","ping_status":"closed","sticky":false,"template":"","format":"standard","meta":{"jetpack_post_was_ever_published":false,"_jetpack_newsletter_access":"","_jetpack_dont_email_post_to_subs":false,"_jetpack_newsletter_tier_id":0,"_jetpack_memberships_contains_paywalled_content":false,"_jetpack_memberships_contains_paid_content":false,"footnotes":"","jetpack_publicize_message":"","jetpack_publicize_feature_enabled":true,"jetpack_social_post_already_shared":true,"jetpack_social_options":{"image_generator_settings":{"template":"highway","default_image_id":0,"font":"","enabled":false},"version":2}},"categories":[1,18],"tags":[],"class_list":["post-14611","post","type-post","status-publish","format-standard","hentry","category-allgemein","category-herren-2"],"jetpack_publicize_connections":[],"jetpack_featured_media_url":"","jetpack_shortlink":"https:\/\/wp.me\/p2ZUr0-3NF","jetpack_sharing_enabled":true,"_links":{"self":[{"href":"https:\/\/www.djk-erlangen.de\/fussball\/index.php?rest_route=\/wp\/v2\/posts\/14611","targetHints":{"allow":["GET"]}}],"collection":[{"href":"https:\/\/www.djk-erlangen.de\/fussball\/index.php?rest_route=\/wp\/v2\/posts"}],"about":[{"href":"https:\/\/www.djk-erlangen.de\/fussball\/index.php?rest_route=\/wp\/v2\/types\/post"}],"author":[{"embeddable":true,"href":"https:\/\/www.djk-erlangen.de\/fussball\/index.php?rest_route=\/wp\/v2\/users\/9"}],"replies":[{"embeddable":true,"href":"https:\/\/www.djk-erlangen.de\/fussball\/index.php?rest_route=%2Fwp%2Fv2%2Fcomments&post=14611"}],"version-history":[{"count":2,"href":"https:\/\/www.djk-erlangen.de\/fussball\/index.php?rest_route=\/wp\/v2\/posts\/14611\/revisions"}],"predecessor-version":[{"id":14616,"href":"https:\/\/www.djk-erlangen.de\/fussball\/index.php?rest_route=\/wp\/v2\/posts\/14611\/revisions\/14616"}],"wp:attachment":[{"href":"https:\/\/www.djk-erlangen.de\/fussball\/index.php?rest_route=%2Fwp%2Fv2%2Fmedia&parent=14611"}],"wp:term":[{"taxonomy":"category","embeddable":true,"href":"https:\/\/www.djk-erlangen.de\/fussball\/index.php?rest_route=%2Fwp%2Fv2%2Fcategories&post=14611"},{"taxonomy":"post_tag","embeddable":true,"href":"https:\/\/www.djk-erlangen.de\/fussball\/index.php?rest_route=%2Fwp%2Fv2%2Ftags&post=14611"}],"curies":[{"name":"wp","href":"https:\/\/api.w.org\/{rel}","templated":true}]}}