{"id":14564,"date":"2017-11-13T10:46:09","date_gmt":"2017-11-13T09:46:09","guid":{"rendered":"http:\/\/www.djk-erlangen.de\/fussball\/?p=14564"},"modified":"2017-11-13T10:50:57","modified_gmt":"2017-11-13T09:50:57","slug":"neue-trikots","status":"publish","type":"post","link":"https:\/\/www.djk-erlangen.de\/fussball\/?p=14564","title":{"rendered":"Neue Trikots"},"content":{"rendered":"<p>Seit kurzem d\u00fcrfen wir in einem neuem Satz leuchtgr\u00fcner Adidas-Trikots auf Torejagd gehen. F\u00fcr die Top-Ausr\u00fcstung danken wir dem Reisesender sonnenklar.tv, der den Satz zur Verf\u00fcgung gestellt hat.<\/p>\n<p><a href=\"http:\/\/www.djk-erlangen.de\/fussball\/wp-content\/uploads\/2017\/11\/2017-10-14-15.50.05.jpg\"><img loading=\"lazy\" decoding=\"async\" class=\"alignleft wp-image-14566\" src=\"http:\/\/www.djk-erlangen.de\/fussball\/wp-content\/uploads\/2017\/11\/2017-10-14-15.50.05-300x207.jpg\" alt=\"\" width=\"500\" height=\"345\" srcset=\"https:\/\/www.djk-erlangen.de\/fussball\/wp-content\/uploads\/2017\/11\/2017-10-14-15.50.05-300x207.jpg 300w, https:\/\/www.djk-erlangen.de\/fussball\/wp-content\/uploads\/2017\/11\/2017-10-14-15.50.05-150x104.jpg 150w, https:\/\/www.djk-erlangen.de\/fussball\/wp-content\/uploads\/2017\/11\/2017-10-14-15.50.05-768x530.jpg 768w, https:\/\/www.djk-erlangen.de\/fussball\/wp-content\/uploads\/2017\/11\/2017-10-14-15.50.05-1024x707.jpg 1024w, https:\/\/www.djk-erlangen.de\/fussball\/wp-content\/uploads\/2017\/11\/2017-10-14-15.50.05.jpg 1823w\" sizes=\"auto, (max-width: 500px) 100vw, 500px\" \/><\/a><\/p>\n","protected":false},"excerpt":{"rendered":"<p>Seit kurzem d\u00fcrfen wir in einem neuem Satz leuchtgr\u00fcner Adidas-Trikots auf Torejagd gehen. F\u00fcr die Top-Ausr\u00fcstung danken wir dem Reisesender sonnenklar.tv, der den Satz zur Verf\u00fcgung gestellt hat.<\/p>\n","protected":false},"author":49,"featured_media":0,"comment_status":"open","ping_status":"closed","sticky":false,"template":"","format":"standard","meta":{"jetpack_post_was_ever_published":false,"_jetpack_newsletter_access":"","_jetpack_dont_email_post_to_subs":false,"_jetpack_newsletter_tier_id":0,"_jetpack_memberships_contains_paywalled_content":false,"_jetpack_memberships_contains_paid_content":false,"footnotes":"","jetpack_publicize_message":"","jetpack_publicize_feature_enabled":true,"jetpack_social_post_already_shared":true,"jetpack_social_options":{"image_generator_settings":{"template":"highway","default_image_id":0,"font":"","enabled":false},"version":2}},"categories":[4],"tags":[],"class_list":["post-14564","post","type-post","status-publish","format-standard","hentry","category-ah"],"jetpack_publicize_connections":[],"jetpack_featured_media_url":"","jetpack_shortlink":"https:\/\/wp.me\/p2ZUr0-3MU","jetpack_sharing_enabled":true,"_links":{"self":[{"href":"https:\/\/www.djk-erlangen.de\/fussball\/index.php?rest_route=\/wp\/v2\/posts\/14564","targetHints":{"allow":["GET"]}}],"collection":[{"href":"https:\/\/www.djk-erlangen.de\/fussball\/index.php?rest_route=\/wp\/v2\/posts"}],"about":[{"href":"https:\/\/www.djk-erlangen.de\/fussball\/index.php?rest_route=\/wp\/v2\/types\/post"}],"author":[{"embeddable":true,"href":"https:\/\/www.djk-erlangen.de\/fussball\/index.php?rest_route=\/wp\/v2\/users\/49"}],"replies":[{"embeddable":true,"href":"https:\/\/www.djk-erlangen.de\/fussball\/index.php?rest_route=%2Fwp%2Fv2%2Fcomments&post=14564"}],"version-history":[{"count":7,"href":"https:\/\/www.djk-erlangen.de\/fussball\/index.php?rest_route=\/wp\/v2\/posts\/14564\/revisions"}],"predecessor-version":[{"id":14572,"href":"https:\/\/www.djk-erlangen.de\/fussball\/index.php?rest_route=\/wp\/v2\/posts\/14564\/revisions\/14572"}],"wp:attachment":[{"href":"https:\/\/www.djk-erlangen.de\/fussball\/index.php?rest_route=%2Fwp%2Fv2%2Fmedia&parent=14564"}],"wp:term":[{"taxonomy":"category","embeddable":true,"href":"https:\/\/www.djk-erlangen.de\/fussball\/index.php?rest_route=%2Fwp%2Fv2%2Fcategories&post=14564"},{"taxonomy":"post_tag","embeddable":true,"href":"https:\/\/www.djk-erlangen.de\/fussball\/index.php?rest_route=%2Fwp%2Fv2%2Ftags&post=14564"}],"curies":[{"name":"wp","href":"https:\/\/api.w.org\/{rel}","templated":true}]}}