{"id":14556,"date":"2017-11-04T18:34:32","date_gmt":"2017-11-04T17:34:32","guid":{"rendered":"http:\/\/www.djk-erlangen.de\/fussball\/?p=14556"},"modified":"2017-11-04T18:35:42","modified_gmt":"2017-11-04T17:35:42","slug":"herren-1-tsv-vestenbergsgreuth-gegen-djk-erlangen-14","status":"publish","type":"post","link":"https:\/\/www.djk-erlangen.de\/fussball\/?p=14556","title":{"rendered":"Herren 1: TSV Vestenbergsgreuth gegen DJK Erlangen 1:4"},"content":{"rendered":"<p>7 Tage &#8211; 3 Spiele &#8211; 9 Punkte &#8211; 10:3 Tore: So liest sich die perfekte Bilanz der letzten Tage.<\/p>\n<p>Einen ungef\u00e4hrdeten Sieg fuhren die Wiesengrundkicker heute in Vestenbergsgreuth ein. Zweimal Osmicevic und zweimal Braun trafen f\u00fcr die Gr\u00fcn-Wei\u00dfen.<\/p>\n<p><img loading=\"lazy\" decoding=\"async\" class=\"alignnone size-medium wp-image-14557\" src=\"http:\/\/www.djk-erlangen.de\/fussball\/wp-content\/uploads\/2017\/11\/23130671_1457738620929636_378358322937016149_n-300x200.jpg\" alt=\"\" width=\"300\" height=\"200\" srcset=\"https:\/\/www.djk-erlangen.de\/fussball\/wp-content\/uploads\/2017\/11\/23130671_1457738620929636_378358322937016149_n-300x200.jpg 300w, https:\/\/www.djk-erlangen.de\/fussball\/wp-content\/uploads\/2017\/11\/23130671_1457738620929636_378358322937016149_n-150x100.jpg 150w, https:\/\/www.djk-erlangen.de\/fussball\/wp-content\/uploads\/2017\/11\/23130671_1457738620929636_378358322937016149_n-768x513.jpg 768w, https:\/\/www.djk-erlangen.de\/fussball\/wp-content\/uploads\/2017\/11\/23130671_1457738620929636_378358322937016149_n.jpg 960w\" sizes=\"auto, (max-width: 300px) 100vw, 300px\" \/> <img loading=\"lazy\" decoding=\"async\" class=\"alignnone size-medium wp-image-14560\" src=\"http:\/\/www.djk-erlangen.de\/fussball\/wp-content\/uploads\/2017\/11\/23244200_1457738477596317_3822026392367458873_n-300x200.jpg\" alt=\"\" width=\"300\" height=\"200\" srcset=\"https:\/\/www.djk-erlangen.de\/fussball\/wp-content\/uploads\/2017\/11\/23244200_1457738477596317_3822026392367458873_n-300x200.jpg 300w, https:\/\/www.djk-erlangen.de\/fussball\/wp-content\/uploads\/2017\/11\/23244200_1457738477596317_3822026392367458873_n-150x100.jpg 150w, https:\/\/www.djk-erlangen.de\/fussball\/wp-content\/uploads\/2017\/11\/23244200_1457738477596317_3822026392367458873_n-768x513.jpg 768w, https:\/\/www.djk-erlangen.de\/fussball\/wp-content\/uploads\/2017\/11\/23244200_1457738477596317_3822026392367458873_n.jpg 960w\" sizes=\"auto, (max-width: 300px) 100vw, 300px\" \/><br \/>\n<img loading=\"lazy\" decoding=\"async\" class=\"alignnone size-medium wp-image-14558\" src=\"http:\/\/www.djk-erlangen.de\/fussball\/wp-content\/uploads\/2017\/11\/23167702_1457738050929693_1588585313306232833_n-300x200.jpg\" alt=\"\" width=\"300\" height=\"200\" srcset=\"https:\/\/www.djk-erlangen.de\/fussball\/wp-content\/uploads\/2017\/11\/23167702_1457738050929693_1588585313306232833_n-300x200.jpg 300w, https:\/\/www.djk-erlangen.de\/fussball\/wp-content\/uploads\/2017\/11\/23167702_1457738050929693_1588585313306232833_n-150x100.jpg 150w, https:\/\/www.djk-erlangen.de\/fussball\/wp-content\/uploads\/2017\/11\/23167702_1457738050929693_1588585313306232833_n-768x513.jpg 768w, https:\/\/www.djk-erlangen.de\/fussball\/wp-content\/uploads\/2017\/11\/23167702_1457738050929693_1588585313306232833_n.jpg 960w\" sizes=\"auto, (max-width: 300px) 100vw, 300px\" \/> <img loading=\"lazy\" decoding=\"async\" class=\"alignnone size-medium wp-image-14559\" src=\"http:\/\/www.djk-erlangen.de\/fussball\/wp-content\/uploads\/2017\/11\/23167759_1457738320929666_7349971471307296032_n-300x200.jpg\" alt=\"\" width=\"300\" height=\"200\" srcset=\"https:\/\/www.djk-erlangen.de\/fussball\/wp-content\/uploads\/2017\/11\/23167759_1457738320929666_7349971471307296032_n-300x200.jpg 300w, https:\/\/www.djk-erlangen.de\/fussball\/wp-content\/uploads\/2017\/11\/23167759_1457738320929666_7349971471307296032_n-150x100.jpg 150w, https:\/\/www.djk-erlangen.de\/fussball\/wp-content\/uploads\/2017\/11\/23167759_1457738320929666_7349971471307296032_n-768x513.jpg 768w, https:\/\/www.djk-erlangen.de\/fussball\/wp-content\/uploads\/2017\/11\/23167759_1457738320929666_7349971471307296032_n.jpg 960w\" sizes=\"auto, (max-width: 300px) 100vw, 300px\" \/><\/p>\n","protected":false},"excerpt":{"rendered":"<p>7 Tage &#8211; 3 Spiele &#8211; 9 Punkte &#8211; 10:3 Tore: So liest sich die perfekte Bilanz der letzten Tage. Einen ungef\u00e4hrdeten Sieg fuhren die Wiesengrundkicker heute in Vestenbergsgreuth ein. Zweimal Osmicevic und zweimal Braun trafen f\u00fcr die Gr\u00fcn-Wei\u00dfen.<\/p>\n","protected":false},"author":2,"featured_media":0,"comment_status":"open","ping_status":"closed","sticky":false,"template":"","format":"standard","meta":{"jetpack_post_was_ever_published":false,"_jetpack_newsletter_access":"","_jetpack_dont_email_post_to_subs":false,"_jetpack_newsletter_tier_id":0,"_jetpack_memberships_contains_paywalled_content":false,"_jetpack_memberships_contains_paid_content":false,"footnotes":"","jetpack_publicize_message":"","jetpack_publicize_feature_enabled":true,"jetpack_social_post_already_shared":true,"jetpack_social_options":{"image_generator_settings":{"template":"highway","default_image_id":0,"font":"","enabled":false},"version":2}},"categories":[17],"tags":[],"class_list":["post-14556","post","type-post","status-publish","format-standard","hentry","category-herren-1"],"jetpack_publicize_connections":[],"jetpack_featured_media_url":"","jetpack_shortlink":"https:\/\/wp.me\/p2ZUr0-3MM","jetpack_sharing_enabled":true,"_links":{"self":[{"href":"https:\/\/www.djk-erlangen.de\/fussball\/index.php?rest_route=\/wp\/v2\/posts\/14556","targetHints":{"allow":["GET"]}}],"collection":[{"href":"https:\/\/www.djk-erlangen.de\/fussball\/index.php?rest_route=\/wp\/v2\/posts"}],"about":[{"href":"https:\/\/www.djk-erlangen.de\/fussball\/index.php?rest_route=\/wp\/v2\/types\/post"}],"author":[{"embeddable":true,"href":"https:\/\/www.djk-erlangen.de\/fussball\/index.php?rest_route=\/wp\/v2\/users\/2"}],"replies":[{"embeddable":true,"href":"https:\/\/www.djk-erlangen.de\/fussball\/index.php?rest_route=%2Fwp%2Fv2%2Fcomments&post=14556"}],"version-history":[{"count":2,"href":"https:\/\/www.djk-erlangen.de\/fussball\/index.php?rest_route=\/wp\/v2\/posts\/14556\/revisions"}],"predecessor-version":[{"id":14562,"href":"https:\/\/www.djk-erlangen.de\/fussball\/index.php?rest_route=\/wp\/v2\/posts\/14556\/revisions\/14562"}],"wp:attachment":[{"href":"https:\/\/www.djk-erlangen.de\/fussball\/index.php?rest_route=%2Fwp%2Fv2%2Fmedia&parent=14556"}],"wp:term":[{"taxonomy":"category","embeddable":true,"href":"https:\/\/www.djk-erlangen.de\/fussball\/index.php?rest_route=%2Fwp%2Fv2%2Fcategories&post=14556"},{"taxonomy":"post_tag","embeddable":true,"href":"https:\/\/www.djk-erlangen.de\/fussball\/index.php?rest_route=%2Fwp%2Fv2%2Ftags&post=14556"}],"curies":[{"name":"wp","href":"https:\/\/api.w.org\/{rel}","templated":true}]}}