{"id":14430,"date":"2017-08-13T15:25:39","date_gmt":"2017-08-13T13:25:39","guid":{"rendered":"http:\/\/www.djk-erlangen.de\/fussball\/?p=14430"},"modified":"2017-08-15T11:53:04","modified_gmt":"2017-08-15T09:53:04","slug":"marib-ist-weltmeister","status":"publish","type":"post","link":"https:\/\/www.djk-erlangen.de\/fussball\/?p=14430","title":{"rendered":"Marib ist Weltmeister!"},"content":{"rendered":"<p>Die DJK Erlangen gratuliert ihrem Fu\u00dfballspieler Marib Aldoais (19) zum Weltmeistertitel im Fu\u00dfball bei den World Dwarf Games f\u00fcr Kleinw\u00fcchsige.<\/p>\n<p>Marib spielt seit fr\u00fchester Jugend bei der DJK und hat sich mit seiner pers\u00f6nlichen Art und sportlichen Leistung den Respekt aller erarbeitet.<\/p>\n<p>Wir sind sehr stolz auf ihn. F\u00fcr uns ist er der Gr\u00f6\u00dfte.<\/p>\n<p><a href=\"http:\/\/www.djk-erlangen.de\/fussball\/wp-content\/uploads\/2017\/08\/Marib.jpg\"><img loading=\"lazy\" decoding=\"async\" class=\"wp-image-14431 alignleft\" src=\"http:\/\/www.djk-erlangen.de\/fussball\/wp-content\/uploads\/2017\/08\/Marib.jpg\" alt=\"\" width=\"517\" height=\"388\" srcset=\"https:\/\/www.djk-erlangen.de\/fussball\/wp-content\/uploads\/2017\/08\/Marib.jpg 1032w, https:\/\/www.djk-erlangen.de\/fussball\/wp-content\/uploads\/2017\/08\/Marib-150x113.jpg 150w, https:\/\/www.djk-erlangen.de\/fussball\/wp-content\/uploads\/2017\/08\/Marib-300x225.jpg 300w, https:\/\/www.djk-erlangen.de\/fussball\/wp-content\/uploads\/2017\/08\/Marib-768x576.jpg 768w, https:\/\/www.djk-erlangen.de\/fussball\/wp-content\/uploads\/2017\/08\/Marib-1024x768.jpg 1024w\" sizes=\"auto, (max-width: 517px) 100vw, 517px\" \/><\/a><\/p>\n<p>&nbsp;<\/p>\n<p>&nbsp;<\/p>\n<p>&nbsp;<\/p>\n<p>&nbsp;<\/p>\n<p>&nbsp;<\/p>\n<p>&nbsp;<\/p>\n<p>&nbsp;<\/p>\n<p>&nbsp;<\/p>\n<p>&nbsp;<\/p>\n<p>&nbsp;<\/p>\n<p>&nbsp;<\/p>\n<p>&nbsp;<\/p>\n<p>&nbsp;<\/p>\n<p>&nbsp;<\/p>\n<p>&nbsp;<\/p>\n<p>&nbsp;<\/p>\n<p>In der Disziplin 200 m Laufen holte er ebenfalls die Goldmedaille.<\/p>\n","protected":false},"excerpt":{"rendered":"<p>Die DJK Erlangen gratuliert ihrem Fu\u00dfballspieler Marib Aldoais (19) zum Weltmeistertitel im Fu\u00dfball bei den World Dwarf Games f\u00fcr Kleinw\u00fcchsige. Marib spielt seit fr\u00fchester Jugend bei der DJK und hat sich mit seiner pers\u00f6nlichen Art und sportlichen Leistung den Respekt &hellip; <a href=\"https:\/\/www.djk-erlangen.de\/fussball\/?p=14430\">Weiterlesen <span class=\"meta-nav\">&rarr;<\/span><\/a><\/p>\n","protected":false},"author":9,"featured_media":0,"comment_status":"open","ping_status":"closed","sticky":false,"template":"","format":"standard","meta":{"jetpack_post_was_ever_published":false,"_jetpack_newsletter_access":"","_jetpack_dont_email_post_to_subs":false,"_jetpack_newsletter_tier_id":0,"_jetpack_memberships_contains_paywalled_content":false,"_jetpack_memberships_contains_paid_content":false,"footnotes":"","jetpack_publicize_message":"","jetpack_publicize_feature_enabled":true,"jetpack_social_post_already_shared":true,"jetpack_social_options":{"image_generator_settings":{"template":"highway","default_image_id":0,"font":"","enabled":false},"version":2}},"categories":[1],"tags":[],"class_list":["post-14430","post","type-post","status-publish","format-standard","hentry","category-allgemein"],"jetpack_publicize_connections":[],"jetpack_featured_media_url":"","jetpack_shortlink":"https:\/\/wp.me\/p2ZUr0-3KK","jetpack_sharing_enabled":true,"_links":{"self":[{"href":"https:\/\/www.djk-erlangen.de\/fussball\/index.php?rest_route=\/wp\/v2\/posts\/14430","targetHints":{"allow":["GET"]}}],"collection":[{"href":"https:\/\/www.djk-erlangen.de\/fussball\/index.php?rest_route=\/wp\/v2\/posts"}],"about":[{"href":"https:\/\/www.djk-erlangen.de\/fussball\/index.php?rest_route=\/wp\/v2\/types\/post"}],"author":[{"embeddable":true,"href":"https:\/\/www.djk-erlangen.de\/fussball\/index.php?rest_route=\/wp\/v2\/users\/9"}],"replies":[{"embeddable":true,"href":"https:\/\/www.djk-erlangen.de\/fussball\/index.php?rest_route=%2Fwp%2Fv2%2Fcomments&post=14430"}],"version-history":[{"count":3,"href":"https:\/\/www.djk-erlangen.de\/fussball\/index.php?rest_route=\/wp\/v2\/posts\/14430\/revisions"}],"predecessor-version":[{"id":14435,"href":"https:\/\/www.djk-erlangen.de\/fussball\/index.php?rest_route=\/wp\/v2\/posts\/14430\/revisions\/14435"}],"wp:attachment":[{"href":"https:\/\/www.djk-erlangen.de\/fussball\/index.php?rest_route=%2Fwp%2Fv2%2Fmedia&parent=14430"}],"wp:term":[{"taxonomy":"category","embeddable":true,"href":"https:\/\/www.djk-erlangen.de\/fussball\/index.php?rest_route=%2Fwp%2Fv2%2Fcategories&post=14430"},{"taxonomy":"post_tag","embeddable":true,"href":"https:\/\/www.djk-erlangen.de\/fussball\/index.php?rest_route=%2Fwp%2Fv2%2Ftags&post=14430"}],"curies":[{"name":"wp","href":"https:\/\/api.w.org\/{rel}","templated":true}]}}