{"id":14368,"date":"2017-06-15T16:17:23","date_gmt":"2017-06-15T14:17:23","guid":{"rendered":"http:\/\/www.djk-erlangen.de\/fussball\/?p=14368"},"modified":"2017-06-15T16:17:23","modified_gmt":"2017-06-15T14:17:23","slug":"superstarsoccer-das-vorjubilaeums-fussballcamp","status":"publish","type":"post","link":"https:\/\/www.djk-erlangen.de\/fussball\/?p=14368","title":{"rendered":"SuperStarSoccer Das Vorjubil\u00e4ums-Fu\u00dfballcamp"},"content":{"rendered":"<p>Unser kleines aber feines Fu\u00dfballcamp von SuperStarSoccer ist im vollen Gange. Alle Teilnehmer und auch unsere Volunteers sind mit feuereifer bei der Sache. Sch<span class=\"text_exposed_show\">on heute k\u00f6nnen wir Euch berichten da\u00df auch 2018 unser beliebtes Ferien-Fu\u00dfballcamp bei der DJK stattfinden wird. Termin wird wieder das zweite Ferienwochenende in den Pfingstferien sein: 28.05.18 &#8211; 01.06.18. Wir werden uns was ganz besonderes f\u00fcr Euch einfallen lassen, denn das ist unser Jubil\u00e4umscamp! 10 Jahre SuperStarSoccer bei der DJK. Viele tolle \u00dcberraschungen warten auf die Teilnehmer 2018.\u00a0 Danke Wursti und Dein Team f\u00fcr die tolle Zusammenarbeit und die lange Treue zur DJK. Wir freuen uns auf 2018!<\/span><\/p>\n<p><img loading=\"lazy\" decoding=\"async\" class=\"alignnone size-medium wp-image-14370\" src=\"http:\/\/www.djk-erlangen.de\/fussball\/wp-content\/uploads\/2017\/06\/IMG_4420-300x225.jpg\" alt=\"\" width=\"300\" height=\"225\" srcset=\"https:\/\/www.djk-erlangen.de\/fussball\/wp-content\/uploads\/2017\/06\/IMG_4420-300x225.jpg 300w, https:\/\/www.djk-erlangen.de\/fussball\/wp-content\/uploads\/2017\/06\/IMG_4420-150x113.jpg 150w, https:\/\/www.djk-erlangen.de\/fussball\/wp-content\/uploads\/2017\/06\/IMG_4420-768x576.jpg 768w, https:\/\/www.djk-erlangen.de\/fussball\/wp-content\/uploads\/2017\/06\/IMG_4420-1024x768.jpg 1024w, https:\/\/www.djk-erlangen.de\/fussball\/wp-content\/uploads\/2017\/06\/IMG_4420.jpg 2048w\" sizes=\"auto, (max-width: 300px) 100vw, 300px\" \/>\u00a0\u00a0\u00a0\u00a0\u00a0 <img loading=\"lazy\" decoding=\"async\" class=\"alignnone size-medium wp-image-14369\" src=\"http:\/\/www.djk-erlangen.de\/fussball\/wp-content\/uploads\/2017\/06\/IMG_4416-300x225.jpg\" alt=\"\" width=\"300\" height=\"225\" srcset=\"https:\/\/www.djk-erlangen.de\/fussball\/wp-content\/uploads\/2017\/06\/IMG_4416-300x225.jpg 300w, https:\/\/www.djk-erlangen.de\/fussball\/wp-content\/uploads\/2017\/06\/IMG_4416-150x113.jpg 150w, https:\/\/www.djk-erlangen.de\/fussball\/wp-content\/uploads\/2017\/06\/IMG_4416-768x576.jpg 768w, https:\/\/www.djk-erlangen.de\/fussball\/wp-content\/uploads\/2017\/06\/IMG_4416-1024x768.jpg 1024w, https:\/\/www.djk-erlangen.de\/fussball\/wp-content\/uploads\/2017\/06\/IMG_4416.jpg 2048w\" sizes=\"auto, (max-width: 300px) 100vw, 300px\" \/><\/p>\n","protected":false},"excerpt":{"rendered":"<p>Unser kleines aber feines Fu\u00dfballcamp von SuperStarSoccer ist im vollen Gange. Alle Teilnehmer und auch unsere Volunteers sind mit feuereifer bei der Sache. Schon heute k\u00f6nnen wir Euch berichten da\u00df auch 2018 unser beliebtes Ferien-Fu\u00dfballcamp bei der DJK stattfinden wird. &hellip; <a href=\"https:\/\/www.djk-erlangen.de\/fussball\/?p=14368\">Weiterlesen <span class=\"meta-nav\">&rarr;<\/span><\/a><\/p>\n","protected":false},"author":2,"featured_media":0,"comment_status":"open","ping_status":"closed","sticky":false,"template":"","format":"standard","meta":{"jetpack_post_was_ever_published":false,"_jetpack_newsletter_access":"","_jetpack_dont_email_post_to_subs":false,"_jetpack_newsletter_tier_id":0,"_jetpack_memberships_contains_paywalled_content":false,"_jetpack_memberships_contains_paid_content":false,"footnotes":"","jetpack_publicize_message":"","jetpack_publicize_feature_enabled":true,"jetpack_social_post_already_shared":true,"jetpack_social_options":{"image_generator_settings":{"template":"highway","default_image_id":0,"font":"","enabled":false},"version":2}},"categories":[1],"tags":[],"class_list":["post-14368","post","type-post","status-publish","format-standard","hentry","category-allgemein"],"jetpack_publicize_connections":[],"jetpack_featured_media_url":"","jetpack_shortlink":"https:\/\/wp.me\/p2ZUr0-3JK","jetpack_sharing_enabled":true,"_links":{"self":[{"href":"https:\/\/www.djk-erlangen.de\/fussball\/index.php?rest_route=\/wp\/v2\/posts\/14368","targetHints":{"allow":["GET"]}}],"collection":[{"href":"https:\/\/www.djk-erlangen.de\/fussball\/index.php?rest_route=\/wp\/v2\/posts"}],"about":[{"href":"https:\/\/www.djk-erlangen.de\/fussball\/index.php?rest_route=\/wp\/v2\/types\/post"}],"author":[{"embeddable":true,"href":"https:\/\/www.djk-erlangen.de\/fussball\/index.php?rest_route=\/wp\/v2\/users\/2"}],"replies":[{"embeddable":true,"href":"https:\/\/www.djk-erlangen.de\/fussball\/index.php?rest_route=%2Fwp%2Fv2%2Fcomments&post=14368"}],"version-history":[{"count":1,"href":"https:\/\/www.djk-erlangen.de\/fussball\/index.php?rest_route=\/wp\/v2\/posts\/14368\/revisions"}],"predecessor-version":[{"id":14371,"href":"https:\/\/www.djk-erlangen.de\/fussball\/index.php?rest_route=\/wp\/v2\/posts\/14368\/revisions\/14371"}],"wp:attachment":[{"href":"https:\/\/www.djk-erlangen.de\/fussball\/index.php?rest_route=%2Fwp%2Fv2%2Fmedia&parent=14368"}],"wp:term":[{"taxonomy":"category","embeddable":true,"href":"https:\/\/www.djk-erlangen.de\/fussball\/index.php?rest_route=%2Fwp%2Fv2%2Fcategories&post=14368"},{"taxonomy":"post_tag","embeddable":true,"href":"https:\/\/www.djk-erlangen.de\/fussball\/index.php?rest_route=%2Fwp%2Fv2%2Ftags&post=14368"}],"curies":[{"name":"wp","href":"https:\/\/api.w.org\/{rel}","templated":true}]}}