{"id":14365,"date":"2017-06-09T22:18:42","date_gmt":"2017-06-09T20:18:42","guid":{"rendered":"http:\/\/www.djk-erlangen.de\/fussball\/?p=14365"},"modified":"2017-06-09T22:18:42","modified_gmt":"2017-06-09T20:18:42","slug":"zweite-ist-erster","status":"publish","type":"post","link":"https:\/\/www.djk-erlangen.de\/fussball\/?p=14365","title":{"rendered":"Zweite ist Erster!"},"content":{"rendered":"<p>Sie haben es tats\u00e4chlich geschafft! In einer packenden Begegnung bezwang unsere Zweite die Mannschaft der SpVgg Effeltrich II durch ein Tor von Luigi Santoro in allerletzter Minute der Verl\u00e4ngerung.<\/p>\n<p>Von Spielbeginn an trat\u00a0unser Team druckvoller auf und hatte w\u00e4hrend der regul\u00e4ren Spielzeit einige aussichtsreiche Torchancen, die jedoch der hervorragende Keeper der Effeltricher stets parierte. So stand es nach 90 Minuten immer noch 0:0 und das Spiel\u00a0musste in die Verl\u00e4ngerung.<\/p>\n<p>Die zus\u00e4tzliche Spielzeit ging bei beiden Mannschaften k\u00f6rperlich an die Substanz. Einige Spieler wurden von Kr\u00e4mpfen geplagt. An der Au\u00dfenlinie stellte man sich bereits auf das drohende Elfmeterschie\u00dfen ein. Die letzte Spielminute der Verl\u00e4ngerung lief. Da spielte Patrick Rucki den Ball von der rechten Seite diagonal auf die linke Seite des Strafraums und Luigi Santoro k\u00f6pfte ins rechte lange Eck. Dies war die Entscheidung im letzten Moment. Unmittelbar danach pfiff der Schiedsrichter die Begegnung ab.<\/p>\n<p>Damit ist unsere Zweite Meister der B-Klasse 1 und steigt direkt in die A-Klasse auf.<\/p>\n<p>Herzlichen Gl\u00fcckwunsch, auch an unseren Trainer Max Hubmann, der sich in der kommenden Saison aus famili\u00e4ren Gr\u00fcnden zun\u00e4chst etwas zur\u00fcckziehen wird.<\/p>\n<p>Wir w\u00fcnschen dem Team der SpVgg Effeltrich II viel Erfolg\u00a0bei den nun anstehenden Entscheidungsspielen in der Relegation.<\/p>\n","protected":false},"excerpt":{"rendered":"<p>Sie haben es tats\u00e4chlich geschafft! In einer packenden Begegnung bezwang unsere Zweite die Mannschaft der SpVgg Effeltrich II durch ein Tor von Luigi Santoro in allerletzter Minute der Verl\u00e4ngerung. Von Spielbeginn an trat\u00a0unser Team druckvoller auf und hatte w\u00e4hrend der &hellip; <a href=\"https:\/\/www.djk-erlangen.de\/fussball\/?p=14365\">Weiterlesen <span class=\"meta-nav\">&rarr;<\/span><\/a><\/p>\n","protected":false},"author":2,"featured_media":0,"comment_status":"open","ping_status":"closed","sticky":false,"template":"","format":"standard","meta":{"jetpack_post_was_ever_published":false,"_jetpack_newsletter_access":"","_jetpack_dont_email_post_to_subs":false,"_jetpack_newsletter_tier_id":0,"_jetpack_memberships_contains_paywalled_content":false,"_jetpack_memberships_contains_paid_content":false,"footnotes":"","jetpack_publicize_message":"","jetpack_publicize_feature_enabled":true,"jetpack_social_post_already_shared":true,"jetpack_social_options":{"image_generator_settings":{"template":"highway","default_image_id":0,"font":"","enabled":false},"version":2}},"categories":[1,5,18],"tags":[],"class_list":["post-14365","post","type-post","status-publish","format-standard","hentry","category-allgemein","category-herren","category-herren-2"],"jetpack_publicize_connections":[],"jetpack_featured_media_url":"","jetpack_shortlink":"https:\/\/wp.me\/p2ZUr0-3JH","jetpack_sharing_enabled":true,"_links":{"self":[{"href":"https:\/\/www.djk-erlangen.de\/fussball\/index.php?rest_route=\/wp\/v2\/posts\/14365","targetHints":{"allow":["GET"]}}],"collection":[{"href":"https:\/\/www.djk-erlangen.de\/fussball\/index.php?rest_route=\/wp\/v2\/posts"}],"about":[{"href":"https:\/\/www.djk-erlangen.de\/fussball\/index.php?rest_route=\/wp\/v2\/types\/post"}],"author":[{"embeddable":true,"href":"https:\/\/www.djk-erlangen.de\/fussball\/index.php?rest_route=\/wp\/v2\/users\/2"}],"replies":[{"embeddable":true,"href":"https:\/\/www.djk-erlangen.de\/fussball\/index.php?rest_route=%2Fwp%2Fv2%2Fcomments&post=14365"}],"version-history":[{"count":1,"href":"https:\/\/www.djk-erlangen.de\/fussball\/index.php?rest_route=\/wp\/v2\/posts\/14365\/revisions"}],"predecessor-version":[{"id":14366,"href":"https:\/\/www.djk-erlangen.de\/fussball\/index.php?rest_route=\/wp\/v2\/posts\/14365\/revisions\/14366"}],"wp:attachment":[{"href":"https:\/\/www.djk-erlangen.de\/fussball\/index.php?rest_route=%2Fwp%2Fv2%2Fmedia&parent=14365"}],"wp:term":[{"taxonomy":"category","embeddable":true,"href":"https:\/\/www.djk-erlangen.de\/fussball\/index.php?rest_route=%2Fwp%2Fv2%2Fcategories&post=14365"},{"taxonomy":"post_tag","embeddable":true,"href":"https:\/\/www.djk-erlangen.de\/fussball\/index.php?rest_route=%2Fwp%2Fv2%2Ftags&post=14365"}],"curies":[{"name":"wp","href":"https:\/\/api.w.org\/{rel}","templated":true}]}}