{"id":14329,"date":"2017-05-13T21:44:30","date_gmt":"2017-05-13T19:44:30","guid":{"rendered":"http:\/\/www.djk-erlangen.de\/fussball\/?p=14329"},"modified":"2017-05-19T21:15:37","modified_gmt":"2017-05-19T19:15:37","slug":"u10-in-guter-form","status":"publish","type":"post","link":"https:\/\/www.djk-erlangen.de\/fussball\/?p=14329","title":{"rendered":"U10 in guter Form"},"content":{"rendered":"<p>In den letzten Spielen zeigte sich ein Positiv trend bei der U10 der DJK.<\/p>\n<p>Am 4. Spieltag setzte man sich Ausw\u00e4rts v\u00f6llig souver\u00e4n mit 2:13 gegen den TV 1848 Erlangen durch.<!--more--><\/p>\n<p>Der 5. Spieltag fand in Baiersdorf statt. Auch dieses Spiel gewann die DJK U10 mit 1:8<\/p>\n<p>Am 6. Spieltag ging es gegen die SpVgg Erlangen bei der wir das Hinspiel noch mit 8:4 verloren.<\/p>\n<p>Doch im R\u00fcckspiel war die DJK die Spiel bestimmende Mannschaft und f\u00fchrte auf Heimischen Rasen mit 3:0 zur Halbzeit.<\/p>\n<p>Auch wenn man nach der 1:0 F\u00fchrung das Gef\u00fchl hatte das die SpVgg immer st\u00e4rke wurde konnten wir das Spiel weiterhin in die richtige Richtung lenken.<\/p>\n<p>In der zweiten Halbzeit lie\u00df die Konzentration nach und man fing sich prompt 2 Gegentore. Nachdem dann ein Weckruf vom Trainer durch den Wiesengrund ging lief die DJK Tormaschine wieder an.<\/p>\n<p>Man erh\u00f6hte innerhalb k\u00fcrzester Zeit auf 6:2 ehe den G\u00e4sten vom Waldsportpark noch das 6:3 gelang.<\/p>\n<p>Daf\u00fcr das wir gegen ein Jahr \u00e4ltere Mannschaften spielen schlagen wir uns bisher gut, dennoch m\u00fcssen wir den Aufw\u00e4rts Trend fortsetzen!<\/p>\n<p>&nbsp;<\/p>\n","protected":false},"excerpt":{"rendered":"<p>In den letzten Spielen zeigte sich ein Positiv trend bei der U10 der DJK. Am 4. Spieltag setzte man sich Ausw\u00e4rts v\u00f6llig souver\u00e4n mit 2:13 gegen den TV 1848 Erlangen durch.<\/p>\n","protected":false},"author":47,"featured_media":0,"comment_status":"open","ping_status":"closed","sticky":false,"template":"","format":"standard","meta":{"jetpack_post_was_ever_published":false,"_jetpack_newsletter_access":"","_jetpack_dont_email_post_to_subs":true,"_jetpack_newsletter_tier_id":0,"_jetpack_memberships_contains_paywalled_content":false,"_jetpack_memberships_contains_paid_content":false,"footnotes":"","jetpack_publicize_message":"","jetpack_publicize_feature_enabled":true,"jetpack_social_post_already_shared":true,"jetpack_social_options":{"image_generator_settings":{"template":"highway","default_image_id":0,"font":"","enabled":false},"version":2}},"categories":[1,48,49],"tags":[],"class_list":["post-14329","post","type-post","status-publish","format-standard","hentry","category-allgemein","category-u10","category-u10-e3"],"jetpack_publicize_connections":[],"jetpack_featured_media_url":"","jetpack_shortlink":"https:\/\/wp.me\/p2ZUr0-3J7","jetpack_sharing_enabled":true,"_links":{"self":[{"href":"https:\/\/www.djk-erlangen.de\/fussball\/index.php?rest_route=\/wp\/v2\/posts\/14329","targetHints":{"allow":["GET"]}}],"collection":[{"href":"https:\/\/www.djk-erlangen.de\/fussball\/index.php?rest_route=\/wp\/v2\/posts"}],"about":[{"href":"https:\/\/www.djk-erlangen.de\/fussball\/index.php?rest_route=\/wp\/v2\/types\/post"}],"author":[{"embeddable":true,"href":"https:\/\/www.djk-erlangen.de\/fussball\/index.php?rest_route=\/wp\/v2\/users\/47"}],"replies":[{"embeddable":true,"href":"https:\/\/www.djk-erlangen.de\/fussball\/index.php?rest_route=%2Fwp%2Fv2%2Fcomments&post=14329"}],"version-history":[{"count":4,"href":"https:\/\/www.djk-erlangen.de\/fussball\/index.php?rest_route=\/wp\/v2\/posts\/14329\/revisions"}],"predecessor-version":[{"id":14349,"href":"https:\/\/www.djk-erlangen.de\/fussball\/index.php?rest_route=\/wp\/v2\/posts\/14329\/revisions\/14349"}],"wp:attachment":[{"href":"https:\/\/www.djk-erlangen.de\/fussball\/index.php?rest_route=%2Fwp%2Fv2%2Fmedia&parent=14329"}],"wp:term":[{"taxonomy":"category","embeddable":true,"href":"https:\/\/www.djk-erlangen.de\/fussball\/index.php?rest_route=%2Fwp%2Fv2%2Fcategories&post=14329"},{"taxonomy":"post_tag","embeddable":true,"href":"https:\/\/www.djk-erlangen.de\/fussball\/index.php?rest_route=%2Fwp%2Fv2%2Ftags&post=14329"}],"curies":[{"name":"wp","href":"https:\/\/api.w.org\/{rel}","templated":true}]}}