{"id":14314,"date":"2017-05-02T21:42:17","date_gmt":"2017-05-02T19:42:17","guid":{"rendered":"http:\/\/www.djk-erlangen.de\/fussball\/?p=14314"},"modified":"2017-05-02T21:45:15","modified_gmt":"2017-05-02T19:45:15","slug":"c-1-wieder-wichtige-punkte-verschenkt","status":"publish","type":"post","link":"https:\/\/www.djk-erlangen.de\/fussball\/?p=14314","title":{"rendered":"C-1 wieder wichtige Punkte verschenkt"},"content":{"rendered":"<p>P\u00fcnktlich zu Spielbeginn hatte der Fu\u00dfballgott ein einsehen mit den Mannschaften und schlo\u00df seine Schleusen, es schaute sogar ein wenig die Sonne vorbei. Befl\u00fcgelt von der doch etwas kalten Witterung um diese Jahreszeit hatten die Wiesenwegbuben den besseren Start und gingen durch Dani nach 10 gespielten Minuten mit 1:0 in F\u00fchrung.<\/p>\n<p>&nbsp;<\/p>\n<p><!--more-->Quasi im Gegenzug konnten die Krenkicker aus Baiersdorf nach einem eklatanten Fehler die fr\u00fche F\u00fchrung egalisieren. Ein kurzes Sch\u00fctteln und schon ging die Maschinerie wieder in Richtung gegnerischen Strafraum. Ein kluger Pa\u00df von Luca auf Manu sorgte f\u00fcr die zwischenzeitliche erneute F\u00fchrung f\u00fcr die DJK.\u00a0 Im weiteren Spielverlauf gelang es nicht die Baiersdorfer durch weitere Tore ins Hintertreffen zu bugsieren. Vielmehr kamen die G\u00e4ste erneut durch einen groben Schnitzer vor der Halbzeit noch zum 2:2.<\/p>\n<p>In Halbzeit 2 wollten die Wiesenwegbuben den bisher erreichten Teilerfolg versilbern und dr\u00e4ngten auf die F\u00fchrung. Die Baiersdorfer konnten sich bei Ihrem Torh\u00fcter bedanken, der seine Farben mehrmals vor einem R\u00fcckstand bewahrte. So kam es wie es kommen mu\u00dfte! Wir leisteten uns das dritte Mal in diesem Spiel einen Fauxpas und so drehten die Krenkicker das Spiel und gingen mit 2:3 in F\u00fchrung. Mit dem Schlu\u00dfpfiff konnten diese sogar noch ein weiteres Tor erzielen und stehen mit diesem Ausw\u00e4rtsdreier wieder verdient an der Tabellenspitze.\u00a0 Man war nicht das schlechtere Team. Nur die Anh\u00e4ufung der individuellen Fehler summiert sich mittlerweile \u00fcber die Saison gesehen auf 7 verschenkte Punkte.<br \/>\nAuf ein Neues hei\u00dft es dann bereits am kommenden Freitag wo wir zur SpVgg nach Uehlfeld reisen d\u00fcrfen. Hier wird die Mannschaft ein anderes Gesicht haben, da unser engagiertes Trainerduo personelle \u00c4nderungen im Vorfeld angek\u00fcndigt hat.<\/p>\n<p>DJK Aufgebot:<br \/>\nTim; Felix; Dani; Alex; Oli; Lorenz; Konsti; Manu; Luca; Timm; Konni; Lasse; Elias; Mahmud<\/p>\n<p>DJK Tore:<br \/>\nDani (1); Manu (1)<\/p>\n","protected":false},"excerpt":{"rendered":"<p>P\u00fcnktlich zu Spielbeginn hatte der Fu\u00dfballgott ein einsehen mit den Mannschaften und schlo\u00df seine Schleusen, es schaute sogar ein wenig die Sonne vorbei. Befl\u00fcgelt von der doch etwas kalten Witterung um diese Jahreszeit hatten die Wiesenwegbuben den besseren Start und &hellip; <a href=\"https:\/\/www.djk-erlangen.de\/fussball\/?p=14314\">Weiterlesen <span class=\"meta-nav\">&rarr;<\/span><\/a><\/p>\n","protected":false},"author":32,"featured_media":0,"comment_status":"open","ping_status":"closed","sticky":false,"template":"","format":"standard","meta":{"jetpack_post_was_ever_published":false,"_jetpack_newsletter_access":"","_jetpack_dont_email_post_to_subs":true,"_jetpack_newsletter_tier_id":0,"_jetpack_memberships_contains_paywalled_content":false,"_jetpack_memberships_contains_paid_content":false,"footnotes":"","jetpack_publicize_message":"","jetpack_publicize_feature_enabled":true,"jetpack_social_post_already_shared":true,"jetpack_social_options":{"image_generator_settings":{"template":"highway","default_image_id":0,"font":"","enabled":false},"version":2}},"categories":[1,45],"tags":[],"class_list":["post-14314","post","type-post","status-publish","format-standard","hentry","category-allgemein","category-u15-c1"],"jetpack_publicize_connections":[],"jetpack_featured_media_url":"","jetpack_shortlink":"https:\/\/wp.me\/p2ZUr0-3IS","jetpack_sharing_enabled":true,"_links":{"self":[{"href":"https:\/\/www.djk-erlangen.de\/fussball\/index.php?rest_route=\/wp\/v2\/posts\/14314","targetHints":{"allow":["GET"]}}],"collection":[{"href":"https:\/\/www.djk-erlangen.de\/fussball\/index.php?rest_route=\/wp\/v2\/posts"}],"about":[{"href":"https:\/\/www.djk-erlangen.de\/fussball\/index.php?rest_route=\/wp\/v2\/types\/post"}],"author":[{"embeddable":true,"href":"https:\/\/www.djk-erlangen.de\/fussball\/index.php?rest_route=\/wp\/v2\/users\/32"}],"replies":[{"embeddable":true,"href":"https:\/\/www.djk-erlangen.de\/fussball\/index.php?rest_route=%2Fwp%2Fv2%2Fcomments&post=14314"}],"version-history":[{"count":3,"href":"https:\/\/www.djk-erlangen.de\/fussball\/index.php?rest_route=\/wp\/v2\/posts\/14314\/revisions"}],"predecessor-version":[{"id":14317,"href":"https:\/\/www.djk-erlangen.de\/fussball\/index.php?rest_route=\/wp\/v2\/posts\/14314\/revisions\/14317"}],"wp:attachment":[{"href":"https:\/\/www.djk-erlangen.de\/fussball\/index.php?rest_route=%2Fwp%2Fv2%2Fmedia&parent=14314"}],"wp:term":[{"taxonomy":"category","embeddable":true,"href":"https:\/\/www.djk-erlangen.de\/fussball\/index.php?rest_route=%2Fwp%2Fv2%2Fcategories&post=14314"},{"taxonomy":"post_tag","embeddable":true,"href":"https:\/\/www.djk-erlangen.de\/fussball\/index.php?rest_route=%2Fwp%2Fv2%2Ftags&post=14314"}],"curies":[{"name":"wp","href":"https:\/\/api.w.org\/{rel}","templated":true}]}}