{"id":1430,"date":"2009-10-14T22:27:41","date_gmt":"2009-10-14T20:27:41","guid":{"rendered":"http:\/\/www.djk-erlangen.de\/fussball\/?p=1430"},"modified":"2009-10-16T21:29:14","modified_gmt":"2009-10-16T19:29:14","slug":"f1-jugend-41-sieg-gegen-atsv-erlangen","status":"publish","type":"post","link":"https:\/\/www.djk-erlangen.de\/fussball\/?p=1430","title":{"rendered":"F1 Jugend 4:1 Sieg gegen ATSV Erlangen"},"content":{"rendered":"<p>Die R\u00fcckrunde hat\u00a0heute begonnen.<\/p>\n<p>Herzlichen Gl\u00fcckwunsch an unsere F-Junioren. In einem\u00a0ausgeglichenen Spiel besiegten sie den ATSV Erlangen. Bei eiskalten Temperaturen heizten die Jungs den Zuschauern mit einer tollen Leistung ein. <!--more-->Ein R\u00fcckstand gleich zu Beginn des Spiels wurde durch intensive Laufarbeit und Ausnutzung der Chancen in einen verdienten Sieg umgewandelt.<\/p>\n<p>Das 7 m Schiessen, moderiert von unserem Motivationsk\u00fcnstler Markus, war f\u00fcr alle ein toller\u00a0 Abschluss.<\/p>\n<p>Wir k\u00f6nnen nur sagen: Weiter so, ihr seit auf dem richtigem Weg. Danke auch an unseren Anhang f\u00fcr die Unterst\u00fctzung.<\/p>\n<p>Ein Gl\u00fcckwunsch auch an die Spieler des ATSV. Die Mannschaft hat sich gegen\u00fcber dem Hinspiel erheblich gesteigert\u00a0 und war lange Zeit ein gleichwertiger Spielpartner. Es bleibt nur zu w\u00fcnschen, dass die Jungs des ATSV mehr Unterst\u00fctzung durch eigene Betreuer und Eltern bekommen.<\/p>\n<p>Auf ein neues am kommenden Samstag im Heimspiel\u00a0gegen den Spitzenreiter FSV Bruck. Treffpunkt: 9:00 Uhr bei der DJK. Spielbeginn: 10:00 Uhr<\/p>\n","protected":false},"excerpt":{"rendered":"<p>Die R\u00fcckrunde hat\u00a0heute begonnen. Herzlichen Gl\u00fcckwunsch an unsere F-Junioren. In einem\u00a0ausgeglichenen Spiel besiegten sie den ATSV Erlangen. Bei eiskalten Temperaturen heizten die Jungs den Zuschauern mit einer tollen Leistung ein.<\/p>\n","protected":false},"author":9,"featured_media":0,"comment_status":"open","ping_status":"closed","sticky":false,"template":"","format":"standard","meta":{"jetpack_post_was_ever_published":false,"_jetpack_newsletter_access":"","_jetpack_dont_email_post_to_subs":false,"_jetpack_newsletter_tier_id":0,"_jetpack_memberships_contains_paywalled_content":false,"_jetpack_memberships_contains_paid_content":false,"footnotes":"","jetpack_publicize_message":"","jetpack_publicize_feature_enabled":true,"jetpack_social_post_already_shared":false,"jetpack_social_options":{"image_generator_settings":{"template":"highway","default_image_id":0,"font":"","enabled":false},"version":2}},"categories":[15],"tags":[],"class_list":["post-1430","post","type-post","status-publish","format-standard","hentry","category-u9-f1"],"jetpack_publicize_connections":[],"jetpack_featured_media_url":"","jetpack_shortlink":"https:\/\/wp.me\/p2ZUr0-n4","jetpack_sharing_enabled":true,"_links":{"self":[{"href":"https:\/\/www.djk-erlangen.de\/fussball\/index.php?rest_route=\/wp\/v2\/posts\/1430","targetHints":{"allow":["GET"]}}],"collection":[{"href":"https:\/\/www.djk-erlangen.de\/fussball\/index.php?rest_route=\/wp\/v2\/posts"}],"about":[{"href":"https:\/\/www.djk-erlangen.de\/fussball\/index.php?rest_route=\/wp\/v2\/types\/post"}],"author":[{"embeddable":true,"href":"https:\/\/www.djk-erlangen.de\/fussball\/index.php?rest_route=\/wp\/v2\/users\/9"}],"replies":[{"embeddable":true,"href":"https:\/\/www.djk-erlangen.de\/fussball\/index.php?rest_route=%2Fwp%2Fv2%2Fcomments&post=1430"}],"version-history":[{"count":7,"href":"https:\/\/www.djk-erlangen.de\/fussball\/index.php?rest_route=\/wp\/v2\/posts\/1430\/revisions"}],"predecessor-version":[{"id":1454,"href":"https:\/\/www.djk-erlangen.de\/fussball\/index.php?rest_route=\/wp\/v2\/posts\/1430\/revisions\/1454"}],"wp:attachment":[{"href":"https:\/\/www.djk-erlangen.de\/fussball\/index.php?rest_route=%2Fwp%2Fv2%2Fmedia&parent=1430"}],"wp:term":[{"taxonomy":"category","embeddable":true,"href":"https:\/\/www.djk-erlangen.de\/fussball\/index.php?rest_route=%2Fwp%2Fv2%2Fcategories&post=1430"},{"taxonomy":"post_tag","embeddable":true,"href":"https:\/\/www.djk-erlangen.de\/fussball\/index.php?rest_route=%2Fwp%2Fv2%2Ftags&post=1430"}],"curies":[{"name":"wp","href":"https:\/\/api.w.org\/{rel}","templated":true}]}}