{"id":14263,"date":"2017-04-02T17:16:31","date_gmt":"2017-04-02T15:16:31","guid":{"rendered":"http:\/\/www.djk-erlangen.de\/fussball\/?p=14263"},"modified":"2017-04-11T21:55:49","modified_gmt":"2017-04-11T19:55:49","slug":"c-1-zu-wenig-durchschlagskraft-nach-vorne","status":"publish","type":"post","link":"https:\/\/www.djk-erlangen.de\/fussball\/?p=14263","title":{"rendered":"C-1 zu wenig Durchschlagskraft nach vorne"},"content":{"rendered":"<p>Mit Beginn der englischen Woche gastierte die DJK aus Wimmelbach am Wiesengrund. Nach einigen Ausf\u00e4llen w\u00e4hrend der Woche mu\u00dfte erneut auf Jungs aus der D-1 zur\u00fcck gegriffen werden, die allesamt Ihre Sache mehr als ordentlich gemacht haben.<!--more--><\/p>\n<p><!--more--><\/p>\n<p>Zu Beginn der Begegnung agierte man etwas zu vorsichtig und so kamen die Wimmelbacher bereits in der 7. Spielminute zur 0:1 F\u00fchrung. Mit zunehmenden Spielverlauf sortierten sich die DJK Buben etwas besser und lie\u00dfen nach hinten kaum etwas zu. Nur nach vorne wollte eigentlich nichts gelingen. Auch weil der entscheidende Pass zu ungenau oder zu sp\u00e4t gespielt wurde. Aber auch da\u00df es immer wieder mit langen B\u00e4llen auf die St\u00fcrmer versucht wurde. So rannte uns die Zeit davon und der Schiri pfiff zur Halbzeitpause.<\/p>\n<p>Im zweiten Spielabschnitt wurden dann die Vorgaben der Trainer besser umgesetzt und der Gegner deutlich fr\u00fcher gest\u00f6rt. So entwickelte sich ein tolles Fu\u00dfballspiel in der die DJK mit zunehmendem Spielverlauf auch das bessere Team war. Wie schon angesprochen fehlte die Durchschlagskraft nach vorne und so konnte der Gegner mit seiner einzigen Torchance im zweiten Spielabschnitt zum 0:2 in der 68. Minute die Partie f\u00fcr sich entscheiden.<\/p>\n<p>So ging man wieder mit leeren H\u00e4nden nachhause und mu\u00df eben versuchen am kommenden Donnerstag in Hammerbach wieder in die Erfolgsspur zur\u00fcck zu finden.<\/p>\n<p>DJK Aufgebot:<br \/>\nTim; Tobias; Alex; Oliver; Lorenz; Konstantin B.; Benedikt; Manu; Nico; Jamar; Konni; Lasse; Elias; Joshua; Mohamad<\/p>\n<p>DJK Tore:<br \/>\nFehlanzeige<\/p>\n","protected":false},"excerpt":{"rendered":"<p>Mit Beginn der englischen Woche gastierte die DJK aus Wimmelbach am Wiesengrund. Nach einigen Ausf\u00e4llen w\u00e4hrend der Woche mu\u00dfte erneut auf Jungs aus der D-1 zur\u00fcck gegriffen werden, die allesamt Ihre Sache mehr als ordentlich gemacht haben.<\/p>\n","protected":false},"author":32,"featured_media":0,"comment_status":"open","ping_status":"closed","sticky":false,"template":"","format":"standard","meta":{"jetpack_post_was_ever_published":false,"_jetpack_newsletter_access":"","_jetpack_dont_email_post_to_subs":true,"_jetpack_newsletter_tier_id":0,"_jetpack_memberships_contains_paywalled_content":false,"_jetpack_memberships_contains_paid_content":false,"footnotes":"","jetpack_publicize_message":"","jetpack_publicize_feature_enabled":true,"jetpack_social_post_already_shared":true,"jetpack_social_options":{"image_generator_settings":{"template":"highway","default_image_id":0,"font":"","enabled":false},"version":2}},"categories":[45],"tags":[],"class_list":["post-14263","post","type-post","status-publish","format-standard","hentry","category-u15-c1"],"jetpack_publicize_connections":[],"jetpack_featured_media_url":"","jetpack_shortlink":"https:\/\/wp.me\/p2ZUr0-3I3","jetpack_sharing_enabled":true,"_links":{"self":[{"href":"https:\/\/www.djk-erlangen.de\/fussball\/index.php?rest_route=\/wp\/v2\/posts\/14263","targetHints":{"allow":["GET"]}}],"collection":[{"href":"https:\/\/www.djk-erlangen.de\/fussball\/index.php?rest_route=\/wp\/v2\/posts"}],"about":[{"href":"https:\/\/www.djk-erlangen.de\/fussball\/index.php?rest_route=\/wp\/v2\/types\/post"}],"author":[{"embeddable":true,"href":"https:\/\/www.djk-erlangen.de\/fussball\/index.php?rest_route=\/wp\/v2\/users\/32"}],"replies":[{"embeddable":true,"href":"https:\/\/www.djk-erlangen.de\/fussball\/index.php?rest_route=%2Fwp%2Fv2%2Fcomments&post=14263"}],"version-history":[{"count":2,"href":"https:\/\/www.djk-erlangen.de\/fussball\/index.php?rest_route=\/wp\/v2\/posts\/14263\/revisions"}],"predecessor-version":[{"id":14291,"href":"https:\/\/www.djk-erlangen.de\/fussball\/index.php?rest_route=\/wp\/v2\/posts\/14263\/revisions\/14291"}],"wp:attachment":[{"href":"https:\/\/www.djk-erlangen.de\/fussball\/index.php?rest_route=%2Fwp%2Fv2%2Fmedia&parent=14263"}],"wp:term":[{"taxonomy":"category","embeddable":true,"href":"https:\/\/www.djk-erlangen.de\/fussball\/index.php?rest_route=%2Fwp%2Fv2%2Fcategories&post=14263"},{"taxonomy":"post_tag","embeddable":true,"href":"https:\/\/www.djk-erlangen.de\/fussball\/index.php?rest_route=%2Fwp%2Fv2%2Ftags&post=14263"}],"curies":[{"name":"wp","href":"https:\/\/api.w.org\/{rel}","templated":true}]}}