{"id":14253,"date":"2017-03-25T18:30:03","date_gmt":"2017-03-25T17:30:03","guid":{"rendered":"http:\/\/www.djk-erlangen.de\/fussball\/?p=14253"},"modified":"2017-03-25T18:30:03","modified_gmt":"2017-03-25T17:30:03","slug":"c-1-blamage-zum-heimauftakt","status":"publish","type":"post","link":"https:\/\/www.djk-erlangen.de\/fussball\/?p=14253","title":{"rendered":"C-1 Blamage zum Heimauftakt"},"content":{"rendered":"<p>Am heutigen Samstag nachmittag zur besten Fu\u00dfballzeit waren die Sportfreunde aus Uehlfeld zu Gast im Wiesengrund. Wollte man doch an die tolle Aufholjagd vom vergangenen Wochenende ankn\u00fcpfen und zuhause Punkte einfahren.<\/p>\n<p><!--more--><\/p>\n<p>Krankheitsbedingt sind uns am Spieltag noch der eine oder andere Spieler ausgefallen\u00a0 und so wurden die L\u00fccken prompt durch Spieler aus der D1 geschlossen. Die Weichbuben agierten etwas abwartend und \u00fcberlie\u00dfen dem Gegner die<br \/>\nFeld\u00fcberlegenheit im Mittelfeld. Vielmehr versuchte man aus der eigenen Defensive sein Gl\u00fcck nach vorne, was auch das eine oder andere Mal recht gute Ans\u00e4tze hatte, aber man die Rechnung ohne den Wirt machte, denn die G\u00e4ste waren<br \/>\nimmer einen Tick schneller und vereitelten unsere Torchancen. Die sch\u00f6nste Kombination Mitte des ersten Spielabschnittes zwischen Luca und Daniel, der Konsti musterg\u00fcltig bediente sorgte f\u00fcr Erheiterung an der Au\u00dfenlinie, denn Konsti<br \/>\nerzielte mit einem strammen Schu\u00df in die untere Torecke den F\u00fchrungstreffer f\u00fcr die Wiesenwegbuben.<\/p>\n<p>Mit dieser gl\u00fccklichen F\u00fchrung wurden auch die Seiten gewechselt. Was sich dann aber abspielte entzieht sich jeglicher Grundlage der Mannschaftssportart Fu\u00dfball. Was einigen Kibitzen schon w\u00e4hrend der Ansprache der Trainer in der Halbzeit<br \/>\nauffiel, waren der eine oder andere Leistungstr\u00e4ger nicht mehr bei der Sache. <!--more-->Man h\u00f6rte nicht zu, sondern versuchte vielmehr in der Halbzeitpause Ronaldo Tore zu schie\u00dfen oder sich um seine Blessuren zu k\u00fcmmern.<\/p>\n<p>Dementsprechend verlief auch der zweite Spielabschnitt. Die G\u00e4ste kamen hochmotiviert aus der Kabine und hatten den unbedingten Willen das Spiel zu drehen. Wir setzten nicht dagegen und schauten zu wie die Uehlfelder ihr Spiel aufzogen.<br \/>\nKeine Gegenwehr &#8211; kein Aufb\u00e4umen und so konnten die G\u00e4ste in regelm\u00e4\u00dfigen Abst\u00e4nden im zweiten Spielabschnitt 5!! Tore erzielen. Unsere Leihgabe im Tor aus der D1 konnte einem eigenlich nur Leid tun, da dieser an allen Gegentoren schuldlos war und nur durch seine oberfl\u00e4chlich agierenden Forderleute seine hervorragende Leistung zu nichte gemacht wurde. Ich glaube nicht, da\u00df sich das Trainerteam mit der heute gezeigten Leistung zufrieden gibt und sicherlich in den kommenden<br \/>\nEinheiten die Z\u00fcgel etwas anziehen werden, da diese wehrlose Blamage durch nichts zu entschuldigen ist.<\/p>\n<p>An dieser Stelle nochmals vielen Dank f\u00fcr die kurzfristigen Zusagen von Felix und Nils. An Euch lag es nicht!<\/p>\n<p>DJK Aufgebot:<br \/>\nFelix Ha; Felix He; Daniel; Ali-Alex; Oli; Lorenz; Konsti; Benedikt; Manu; Luca; Timm; Konni; Nils; Elias; Mahmut<\/p>\n<p>DJK Tore:<br \/>\nKonsti (1)<\/p>\n<p>&nbsp;<\/p>\n<p>&nbsp;<\/p>\n","protected":false},"excerpt":{"rendered":"<p>Am heutigen Samstag nachmittag zur besten Fu\u00dfballzeit waren die Sportfreunde aus Uehlfeld zu Gast im Wiesengrund. Wollte man doch an die tolle Aufholjagd vom vergangenen Wochenende ankn\u00fcpfen und zuhause Punkte einfahren.<\/p>\n","protected":false},"author":32,"featured_media":0,"comment_status":"open","ping_status":"closed","sticky":false,"template":"","format":"standard","meta":{"jetpack_post_was_ever_published":false,"_jetpack_newsletter_access":"","_jetpack_dont_email_post_to_subs":false,"_jetpack_newsletter_tier_id":0,"_jetpack_memberships_contains_paywalled_content":false,"_jetpack_memberships_contains_paid_content":false,"footnotes":"","jetpack_publicize_message":"","jetpack_publicize_feature_enabled":true,"jetpack_social_post_already_shared":true,"jetpack_social_options":{"image_generator_settings":{"template":"highway","default_image_id":0,"font":"","enabled":false},"version":2}},"categories":[45],"tags":[],"class_list":["post-14253","post","type-post","status-publish","format-standard","hentry","category-u15-c1"],"jetpack_publicize_connections":[],"jetpack_featured_media_url":"","jetpack_shortlink":"https:\/\/wp.me\/p2ZUr0-3HT","jetpack_sharing_enabled":true,"_links":{"self":[{"href":"https:\/\/www.djk-erlangen.de\/fussball\/index.php?rest_route=\/wp\/v2\/posts\/14253","targetHints":{"allow":["GET"]}}],"collection":[{"href":"https:\/\/www.djk-erlangen.de\/fussball\/index.php?rest_route=\/wp\/v2\/posts"}],"about":[{"href":"https:\/\/www.djk-erlangen.de\/fussball\/index.php?rest_route=\/wp\/v2\/types\/post"}],"author":[{"embeddable":true,"href":"https:\/\/www.djk-erlangen.de\/fussball\/index.php?rest_route=\/wp\/v2\/users\/32"}],"replies":[{"embeddable":true,"href":"https:\/\/www.djk-erlangen.de\/fussball\/index.php?rest_route=%2Fwp%2Fv2%2Fcomments&post=14253"}],"version-history":[{"count":1,"href":"https:\/\/www.djk-erlangen.de\/fussball\/index.php?rest_route=\/wp\/v2\/posts\/14253\/revisions"}],"predecessor-version":[{"id":14254,"href":"https:\/\/www.djk-erlangen.de\/fussball\/index.php?rest_route=\/wp\/v2\/posts\/14253\/revisions\/14254"}],"wp:attachment":[{"href":"https:\/\/www.djk-erlangen.de\/fussball\/index.php?rest_route=%2Fwp%2Fv2%2Fmedia&parent=14253"}],"wp:term":[{"taxonomy":"category","embeddable":true,"href":"https:\/\/www.djk-erlangen.de\/fussball\/index.php?rest_route=%2Fwp%2Fv2%2Fcategories&post=14253"},{"taxonomy":"post_tag","embeddable":true,"href":"https:\/\/www.djk-erlangen.de\/fussball\/index.php?rest_route=%2Fwp%2Fv2%2Ftags&post=14253"}],"curies":[{"name":"wp","href":"https:\/\/api.w.org\/{rel}","templated":true}]}}