{"id":14245,"date":"2017-03-18T15:51:26","date_gmt":"2017-03-18T14:51:26","guid":{"rendered":"http:\/\/www.djk-erlangen.de\/fussball\/?p=14245"},"modified":"2017-03-18T15:51:26","modified_gmt":"2017-03-18T14:51:26","slug":"c-1-gelungener-saisonstart","status":"publish","type":"post","link":"https:\/\/www.djk-erlangen.de\/fussball\/?p=14245","title":{"rendered":"C-1 gelungener Saisonstart"},"content":{"rendered":"<p>Bei grausigen Witterungverh\u00e4ltnissen startete die C-Jugend am heutigen Samstag gegen den SV Baiersdorf in die Aufstiegsrunde. Man hatte sich viel vorgenommen, zumal ja nach den letzten Trainingseindr\u00fccken und Testspielen eigentlich viel Positives zu sehen war.<\/p>\n<p><!--more--><\/p>\n<p>Aber wie in der Vergangenheit so oft,\u00a0 fing man sich auch heute bereit in der 2. Spielminute durch Weimann einen Treffer ein. Man vers\u00e4umte den R\u00fcckstand zu egalisieren und so war es folgerichtig erneut Weimann der in der 12. Minute auf 2:0 f\u00fcr die Krenkicker erh\u00f6hen konnte. Mit diesem R\u00fcckstand ging man auch in die Pause.<\/p>\n<p>Man wei\u00df nicht genau was der Trainer in der Halbzeitpause mit den Jungs gemacht hat. Es war allerdings so laut da\u00df im angrenzenden Sportheim ein kleines Erdbeben vernommen wurde. Nach dem Seitenwechsel war dann eine v\u00f6llig andere Wiesenwegtruppe auf dem Platz. Es wurde um jeden Zentimeter Boden gefightet und die Zweik\u00e4mpfe wurden angenommen. So erspielten wir uns zahlreiche Einschu\u00dfm\u00f6glichkeiten und wurden in der 42. Spielminute durch Lorenz mit dem Anschlu\u00dftreffer belohnt. Von nun an spielten nur noch die Weichbuben und stellten in der 49. Min. durch Lasse auf Gleichstand.<\/p>\n<p>Trotz der wiedrigen Verh\u00e4ltnisse begn\u00fcgte man sich nicht mit einer Punkteteilung sondern forsierte munter die Angriffsbem\u00fchungen. Dies wurden dann durch unseren Topscorer Manu in der 58. belohnt, als dieser zum 2:3 f\u00fcr die Wiesenwegbuben einnetzte. Diesen knappen Vorsprung rettete man dann auch \u00fcber die Zeit und hat so auch das allererste Mal ein Spiel nach einem R\u00fcckstand drehen k\u00f6nnen. Dieser gelunge Saisonstart soll als gutes Omen dienen und auch in den kommenden Spielen nie aufgeben und an sich und die eigenen St\u00e4rken glauben, dann ist vielleicht am Ende einer langen Runde auch was zu ernten.<\/p>\n<p>DJK Aufgebot:<br \/>\nTim; Felix; Ali-Alex; Oliver; Lorenz; Benedikt; Manu; Luca; Konni; Lasse; Elias; Mahmud<\/p>\n<p>DJK Tore:<br \/>\nLasse (1); Lorenz (1); Manu (1)<\/p>\n","protected":false},"excerpt":{"rendered":"<p>Bei grausigen Witterungverh\u00e4ltnissen startete die C-Jugend am heutigen Samstag gegen den SV Baiersdorf in die Aufstiegsrunde. Man hatte sich viel vorgenommen, zumal ja nach den letzten Trainingseindr\u00fccken und Testspielen eigentlich viel Positives zu sehen war.<\/p>\n","protected":false},"author":32,"featured_media":0,"comment_status":"open","ping_status":"closed","sticky":false,"template":"","format":"standard","meta":{"jetpack_post_was_ever_published":false,"_jetpack_newsletter_access":"","_jetpack_dont_email_post_to_subs":false,"_jetpack_newsletter_tier_id":0,"_jetpack_memberships_contains_paywalled_content":false,"_jetpack_memberships_contains_paid_content":false,"footnotes":"","jetpack_publicize_message":"","jetpack_publicize_feature_enabled":true,"jetpack_social_post_already_shared":true,"jetpack_social_options":{"image_generator_settings":{"template":"highway","default_image_id":0,"font":"","enabled":false},"version":2}},"categories":[45],"tags":[],"class_list":["post-14245","post","type-post","status-publish","format-standard","hentry","category-u15-c1"],"jetpack_publicize_connections":[],"jetpack_featured_media_url":"","jetpack_shortlink":"https:\/\/wp.me\/p2ZUr0-3HL","jetpack_sharing_enabled":true,"_links":{"self":[{"href":"https:\/\/www.djk-erlangen.de\/fussball\/index.php?rest_route=\/wp\/v2\/posts\/14245","targetHints":{"allow":["GET"]}}],"collection":[{"href":"https:\/\/www.djk-erlangen.de\/fussball\/index.php?rest_route=\/wp\/v2\/posts"}],"about":[{"href":"https:\/\/www.djk-erlangen.de\/fussball\/index.php?rest_route=\/wp\/v2\/types\/post"}],"author":[{"embeddable":true,"href":"https:\/\/www.djk-erlangen.de\/fussball\/index.php?rest_route=\/wp\/v2\/users\/32"}],"replies":[{"embeddable":true,"href":"https:\/\/www.djk-erlangen.de\/fussball\/index.php?rest_route=%2Fwp%2Fv2%2Fcomments&post=14245"}],"version-history":[{"count":1,"href":"https:\/\/www.djk-erlangen.de\/fussball\/index.php?rest_route=\/wp\/v2\/posts\/14245\/revisions"}],"predecessor-version":[{"id":14246,"href":"https:\/\/www.djk-erlangen.de\/fussball\/index.php?rest_route=\/wp\/v2\/posts\/14245\/revisions\/14246"}],"wp:attachment":[{"href":"https:\/\/www.djk-erlangen.de\/fussball\/index.php?rest_route=%2Fwp%2Fv2%2Fmedia&parent=14245"}],"wp:term":[{"taxonomy":"category","embeddable":true,"href":"https:\/\/www.djk-erlangen.de\/fussball\/index.php?rest_route=%2Fwp%2Fv2%2Fcategories&post=14245"},{"taxonomy":"post_tag","embeddable":true,"href":"https:\/\/www.djk-erlangen.de\/fussball\/index.php?rest_route=%2Fwp%2Fv2%2Ftags&post=14245"}],"curies":[{"name":"wp","href":"https:\/\/api.w.org\/{rel}","templated":true}]}}