{"id":14240,"date":"2017-03-16T21:38:21","date_gmt":"2017-03-16T20:38:21","guid":{"rendered":"http:\/\/www.djk-erlangen.de\/fussball\/?p=14240"},"modified":"2017-03-16T21:56:10","modified_gmt":"2017-03-16T20:56:10","slug":"c-1-generalprobe-mit-licht-und-schatten","status":"publish","type":"post","link":"https:\/\/www.djk-erlangen.de\/fussball\/?p=14240","title":{"rendered":"C-1 Generalprobe mit Licht und Schatten"},"content":{"rendered":"<p>Zum heutigen Trainingstag kurz vor Saisonbeginn hat sich kurzfristig noch ein Testspiel ergeben. Als Gast im Wiesengrund waren die uns schon seit Kleinfeldzeiten bestens bekannten Sportfreunde von Eintracht Bamberg. So stimmte man ohne zu z\u00f6gern auch dieser kurzfristigen Ansetzung zu.<\/p>\n<p><!--more--><\/p>\n<p>&nbsp;<\/p>\n<p>Nach einer bis dato durchwachsenen Vorbereitung und mehr als nicht zufriedenstellenden Testspielen zeigte die Truppe heute eine stark verbesserte Leistung. Man merkte in keiner Phase der Begegnung den Klassenunterschied. Vielmehr wurde in Reihen der Wiesenwegbuben munter kombiniert und man brachte die G\u00e4ste ab und an in Bedr\u00e4ngnis. Durch eine Unachtsamkeit eroberten sich die Bamberger das Spielger\u00e4t und waren Mitte des ersten Spielabschnittes abgebr\u00fchter und konnten zum 0:1 einschieben.<br \/>\nIm weiteren Spielverlauf erarbeiteten wir uns durch gutes Kombinationsspiel die eine oder andere M\u00f6glichkeit, das Ergebnis auf Remis zu stellen. Leider scheiterte unsere Offensivabteilung wiederholt am Aluminium und der Ausgleichtreffer wollte einfach nicht fallen. Schn\u00f6rkelloser Fu\u00dfball wurde den zahlreichen Zuschaueren geboten und man war absolut auf Augenh\u00f6he mit dem klassenh\u00f6heren Gast. Auch wurden die Zweik\u00e4mpfe angenommen und im l\u00e4uferischen Bereich war eine deutliche Steigerung zu erkennen und so wechselte man mit einem knappen R\u00fcckstand die Seiten.<\/p>\n<p>Im zweiten Spielabschnitt wollten die Jungs auf Biegen und Brechen die Wende erzwingen und erarbeiteten sich einige Feldvorteile. Doch der massive Abwehrverbund der Eintracht war in dieser Phase deutlich abgekl\u00e4rter und erstickte unsere Angriffsbem\u00fchungen im Keim. Durch das muntere Spiel schwanden die Kr\u00e4fte und auch ein wenig die Konzentration und so durften die G\u00e4ste aus Oberfranken ein weiteres Mal jubeln. So setzten sich die Eintrachtkicker final mit einem 0:2 Ausw\u00e4rtssieg durch und k\u00f6nnen mit einem Erfolgserlebnis in die bevorstehende Kreisklassensaison starten. F\u00fcr uns ist diese Niederlage aber genau der richtige Motivationsschub, um mit der heute gezeigten Leistung hochmotiviert in die am kommenden Wochenende beginnende Aufstiegsrunde zu starten!<\/p>\n<p>DJK Aufgebot:<br \/>\nTim; Felix; Daniel; Oliver; Lorenz; Elias; Benedikt; Manu; Luca; Timm; Konni; Lasse; Amru; Mohamed<\/p>\n<p>Tore:<br \/>\nFehlanzeige<\/p>\n","protected":false},"excerpt":{"rendered":"<p>Zum heutigen Trainingstag kurz vor Saisonbeginn hat sich kurzfristig noch ein Testspiel ergeben. Als Gast im Wiesengrund waren die uns schon seit Kleinfeldzeiten bestens bekannten Sportfreunde von Eintracht Bamberg. So stimmte man ohne zu z\u00f6gern auch dieser kurzfristigen Ansetzung zu.<\/p>\n","protected":false},"author":32,"featured_media":0,"comment_status":"open","ping_status":"closed","sticky":false,"template":"","format":"standard","meta":{"jetpack_post_was_ever_published":false,"_jetpack_newsletter_access":"","_jetpack_dont_email_post_to_subs":true,"_jetpack_newsletter_tier_id":0,"_jetpack_memberships_contains_paywalled_content":false,"_jetpack_memberships_contains_paid_content":false,"footnotes":"","jetpack_publicize_message":"","jetpack_publicize_feature_enabled":true,"jetpack_social_post_already_shared":true,"jetpack_social_options":{"image_generator_settings":{"template":"highway","default_image_id":0,"font":"","enabled":false},"version":2}},"categories":[45],"tags":[],"class_list":["post-14240","post","type-post","status-publish","format-standard","hentry","category-u15-c1"],"jetpack_publicize_connections":[],"jetpack_featured_media_url":"","jetpack_shortlink":"https:\/\/wp.me\/p2ZUr0-3HG","jetpack_sharing_enabled":true,"_links":{"self":[{"href":"https:\/\/www.djk-erlangen.de\/fussball\/index.php?rest_route=\/wp\/v2\/posts\/14240","targetHints":{"allow":["GET"]}}],"collection":[{"href":"https:\/\/www.djk-erlangen.de\/fussball\/index.php?rest_route=\/wp\/v2\/posts"}],"about":[{"href":"https:\/\/www.djk-erlangen.de\/fussball\/index.php?rest_route=\/wp\/v2\/types\/post"}],"author":[{"embeddable":true,"href":"https:\/\/www.djk-erlangen.de\/fussball\/index.php?rest_route=\/wp\/v2\/users\/32"}],"replies":[{"embeddable":true,"href":"https:\/\/www.djk-erlangen.de\/fussball\/index.php?rest_route=%2Fwp%2Fv2%2Fcomments&post=14240"}],"version-history":[{"count":1,"href":"https:\/\/www.djk-erlangen.de\/fussball\/index.php?rest_route=\/wp\/v2\/posts\/14240\/revisions"}],"predecessor-version":[{"id":14241,"href":"https:\/\/www.djk-erlangen.de\/fussball\/index.php?rest_route=\/wp\/v2\/posts\/14240\/revisions\/14241"}],"wp:attachment":[{"href":"https:\/\/www.djk-erlangen.de\/fussball\/index.php?rest_route=%2Fwp%2Fv2%2Fmedia&parent=14240"}],"wp:term":[{"taxonomy":"category","embeddable":true,"href":"https:\/\/www.djk-erlangen.de\/fussball\/index.php?rest_route=%2Fwp%2Fv2%2Fcategories&post=14240"},{"taxonomy":"post_tag","embeddable":true,"href":"https:\/\/www.djk-erlangen.de\/fussball\/index.php?rest_route=%2Fwp%2Fv2%2Ftags&post=14240"}],"curies":[{"name":"wp","href":"https:\/\/api.w.org\/{rel}","templated":true}]}}