{"id":14234,"date":"2017-03-12T20:07:50","date_gmt":"2017-03-12T19:07:50","guid":{"rendered":"http:\/\/www.djk-erlangen.de\/fussball\/?p=14234"},"modified":"2017-03-12T20:07:50","modified_gmt":"2017-03-12T19:07:50","slug":"spvgg-moegeldorf-weisst-der-u9-ihre-grenzen-auf","status":"publish","type":"post","link":"https:\/\/www.djk-erlangen.de\/fussball\/?p=14234","title":{"rendered":"SpVgg M\u00f6geldorf wei\u00dft der U9 Ihre grenzen auf"},"content":{"rendered":"<p>Bei perfekten Fussballwetter traf man im ersten Test der Saison auf die U9 der SpVgg M\u00f6geldorf.<\/p>\n<p>Gespielt wurden 3&#215;15 Minuten.<\/p>\n<p>Nach kurzen abtasten beider Teams ging es ordentlich zur Sache, die M\u00f6geldorfer setzten immer wieder starke Konter und entschieden die erste H\u00e4lfte mit 0:3 f\u00fcr sich.<\/p>\n<p>In der zweiten Halbzeit war die DJK immernoch zu weit weg, oft spielte der Gegner sich in der h\u00e4lfte der Heimelf fest und man kam nicht hinten raus.<\/p>\n<p>Die zweite Halbzeit endete 2:3 jedoch kam man gegen eine starke SpVgg M\u00f6geldorf \u00fcberhaupt nicht an.<\/p>\n<p>Im letzten durchgang konnte man die m\u00fcde werdenden M\u00f6geldorfer gut unter Druck setzen jedoch seine Chancen nicht nutzen.<\/p>\n<p>Das letzte Drittel ging 2:2 aus.<\/p>\n<p>F\u00fcrs erste Spiel war es vollkommend in Ordnung, jetzt hei\u00dft es im Training vollgas geben und bis Saisonstart noch eine ganze Portion drauf packen!<\/p>\n","protected":false},"excerpt":{"rendered":"<p>Bei perfekten Fussballwetter traf man im ersten Test der Saison auf die U9 der SpVgg M\u00f6geldorf. Gespielt wurden 3&#215;15 Minuten. Nach kurzen abtasten beider Teams ging es ordentlich zur Sache, die M\u00f6geldorfer setzten immer wieder starke Konter und entschieden die &hellip; <a href=\"https:\/\/www.djk-erlangen.de\/fussball\/?p=14234\">Weiterlesen <span class=\"meta-nav\">&rarr;<\/span><\/a><\/p>\n","protected":false},"author":47,"featured_media":0,"comment_status":"open","ping_status":"closed","sticky":false,"template":"","format":"standard","meta":{"jetpack_post_was_ever_published":false,"_jetpack_newsletter_access":"","_jetpack_dont_email_post_to_subs":false,"_jetpack_newsletter_tier_id":0,"_jetpack_memberships_contains_paywalled_content":false,"_jetpack_memberships_contains_paid_content":false,"footnotes":"","jetpack_publicize_message":"","jetpack_publicize_feature_enabled":true,"jetpack_social_post_already_shared":true,"jetpack_social_options":{"image_generator_settings":{"template":"highway","default_image_id":0,"font":"","enabled":false},"version":2}},"categories":[1,15],"tags":[],"class_list":["post-14234","post","type-post","status-publish","format-standard","hentry","category-allgemein","category-u9-f1"],"jetpack_publicize_connections":[],"jetpack_featured_media_url":"","jetpack_shortlink":"https:\/\/wp.me\/p2ZUr0-3HA","jetpack_sharing_enabled":true,"_links":{"self":[{"href":"https:\/\/www.djk-erlangen.de\/fussball\/index.php?rest_route=\/wp\/v2\/posts\/14234","targetHints":{"allow":["GET"]}}],"collection":[{"href":"https:\/\/www.djk-erlangen.de\/fussball\/index.php?rest_route=\/wp\/v2\/posts"}],"about":[{"href":"https:\/\/www.djk-erlangen.de\/fussball\/index.php?rest_route=\/wp\/v2\/types\/post"}],"author":[{"embeddable":true,"href":"https:\/\/www.djk-erlangen.de\/fussball\/index.php?rest_route=\/wp\/v2\/users\/47"}],"replies":[{"embeddable":true,"href":"https:\/\/www.djk-erlangen.de\/fussball\/index.php?rest_route=%2Fwp%2Fv2%2Fcomments&post=14234"}],"version-history":[{"count":1,"href":"https:\/\/www.djk-erlangen.de\/fussball\/index.php?rest_route=\/wp\/v2\/posts\/14234\/revisions"}],"predecessor-version":[{"id":14235,"href":"https:\/\/www.djk-erlangen.de\/fussball\/index.php?rest_route=\/wp\/v2\/posts\/14234\/revisions\/14235"}],"wp:attachment":[{"href":"https:\/\/www.djk-erlangen.de\/fussball\/index.php?rest_route=%2Fwp%2Fv2%2Fmedia&parent=14234"}],"wp:term":[{"taxonomy":"category","embeddable":true,"href":"https:\/\/www.djk-erlangen.de\/fussball\/index.php?rest_route=%2Fwp%2Fv2%2Fcategories&post=14234"},{"taxonomy":"post_tag","embeddable":true,"href":"https:\/\/www.djk-erlangen.de\/fussball\/index.php?rest_route=%2Fwp%2Fv2%2Ftags&post=14234"}],"curies":[{"name":"wp","href":"https:\/\/api.w.org\/{rel}","templated":true}]}}