{"id":14221,"date":"2017-02-19T15:40:28","date_gmt":"2017-02-19T14:40:28","guid":{"rendered":"http:\/\/www.djk-erlangen.de\/fussball\/?p=14221"},"modified":"2017-02-19T15:52:37","modified_gmt":"2017-02-19T14:52:37","slug":"c1-testspiel-mit-vielen-fragezeichen","status":"publish","type":"post","link":"https:\/\/www.djk-erlangen.de\/fussball\/?p=14221","title":{"rendered":"C1- Testspiel mit vielen Fragezeichen"},"content":{"rendered":"<p>Am heutigen Sonntag, trafen die Wiesenwegbuben zum ersten Kr\u00e4ftemessen in einem Vorbereitungsspiel gegen die klassenh\u00f6heren Nachbarn von der Schallershofer Str. an. Nach den ersten Trainingseinheiten im Freien konnte dieses Spiel noch keine richtungsweisende Tendenz erkennen lassen.<br \/>\n<!--more--><\/p>\n<p>Vielmehr war man den G\u00e4sten l\u00e4uferisch \u00fcberlegen, konnten aber daraus keinen Profit erlangen, da man nach der doch etwas l\u00e4ngeren Winterpause noch an der Abstimmung feilen mu\u00df. Die Nachbarn aus B\u00fcchenbach \u00fcberliesen den Wiesenwegbuben im ersten Abschnitt das komplette Mittelfeld und kamen nur durch lang geschlagene B\u00e4lle gef\u00e4hrlich vor unser Tor. Unser Torw\u00e4chter Tim war aber stets auf dem Posten und immer eine Nasenl\u00e4nge vor dem heranst\u00fcrmenden G\u00e4sten am Ball.<\/p>\n<p>Kurz vor dem Halbzeitpfiff des souver\u00e4nen Schiedsrichter Jonas Steinm\u00fcller pa\u00dften die Weichbuben einen Wimpernschlag nicht auf und so gelang den G\u00e4sten \u00fcberraschend die F\u00fchrung. In der Pause wechselte dann unser Trainerduo auf der einen oder anderen Position durch und brachten mit Elias und Amru zwei frische Kr\u00e4fte.<\/p>\n<p>Vor allem Winter-Neuzugang Amru wirbelte auf der rechten Seite und konnte das eine oder andere Mal auch gef\u00e4hrlich vor des Gegners Geh\u00e4use einflanken. In der st\u00e4rksten Phase der DJK Drangperiode war es dann unser Dauerl\u00e4ufer Lasse der zum verdienten Ausgleich einnetzen konnte. Dieser Treffer wirkte etwas befl\u00fcgelnd und die Wiesenwegbuben erarbeiteten sich immer mehr Feldvorteile! Leider konnte aufgrund von Abstimmungsproblemen zwischen Mittelfeld und Angriff kein weiterer Treffer erzielt werden und die G\u00e4ste von der anderen Stra\u00dfenseite kamen durch einen Gl\u00fcckstreffer kurz vor Schlu\u00df zum Erfolgserlebnis.<\/p>\n<p>So war man nach den ersten Gehversuchen auf die neue Saison nicht ganz unzufrieden doch bleiben bis zum Saisonstart in 4 Wochen den Trainern in Sachen Aufstellung noch ein paar Fragezeichen. Auch weil man heute auf den einen oder anderen Stammspieler gesundheits- und verletzungsbedingt verzichten mu\u00dfte.<\/p>\n<p>DJK Aufgebot:<br \/>\nTim; Daniel; Ali-Alex; Lorenz; Konstantin B; Benedikt; Manu; Luca; Elias; Konni K.; Lasse; Amru; Mahmut; Max<\/p>\n<p>DJK Tore:<br \/>\nLasse (1)<\/p>\n","protected":false},"excerpt":{"rendered":"<p>Am heutigen Sonntag, trafen die Wiesenwegbuben zum ersten Kr\u00e4ftemessen in einem Vorbereitungsspiel gegen die klassenh\u00f6heren Nachbarn von der Schallershofer Str. an. Nach den ersten Trainingseinheiten im Freien konnte dieses Spiel noch keine richtungsweisende Tendenz erkennen lassen.<\/p>\n","protected":false},"author":32,"featured_media":0,"comment_status":"open","ping_status":"closed","sticky":false,"template":"","format":"standard","meta":{"jetpack_post_was_ever_published":false,"_jetpack_newsletter_access":"","_jetpack_dont_email_post_to_subs":true,"_jetpack_newsletter_tier_id":0,"_jetpack_memberships_contains_paywalled_content":false,"_jetpack_memberships_contains_paid_content":false,"footnotes":"","jetpack_publicize_message":"","jetpack_publicize_feature_enabled":true,"jetpack_social_post_already_shared":true,"jetpack_social_options":{"image_generator_settings":{"template":"highway","default_image_id":0,"font":"","enabled":false},"version":2}},"categories":[1,45],"tags":[],"class_list":["post-14221","post","type-post","status-publish","format-standard","hentry","category-allgemein","category-u15-c1"],"jetpack_publicize_connections":[],"jetpack_featured_media_url":"","jetpack_shortlink":"https:\/\/wp.me\/p2ZUr0-3Hn","jetpack_sharing_enabled":true,"_links":{"self":[{"href":"https:\/\/www.djk-erlangen.de\/fussball\/index.php?rest_route=\/wp\/v2\/posts\/14221","targetHints":{"allow":["GET"]}}],"collection":[{"href":"https:\/\/www.djk-erlangen.de\/fussball\/index.php?rest_route=\/wp\/v2\/posts"}],"about":[{"href":"https:\/\/www.djk-erlangen.de\/fussball\/index.php?rest_route=\/wp\/v2\/types\/post"}],"author":[{"embeddable":true,"href":"https:\/\/www.djk-erlangen.de\/fussball\/index.php?rest_route=\/wp\/v2\/users\/32"}],"replies":[{"embeddable":true,"href":"https:\/\/www.djk-erlangen.de\/fussball\/index.php?rest_route=%2Fwp%2Fv2%2Fcomments&post=14221"}],"version-history":[{"count":2,"href":"https:\/\/www.djk-erlangen.de\/fussball\/index.php?rest_route=\/wp\/v2\/posts\/14221\/revisions"}],"predecessor-version":[{"id":14223,"href":"https:\/\/www.djk-erlangen.de\/fussball\/index.php?rest_route=\/wp\/v2\/posts\/14221\/revisions\/14223"}],"wp:attachment":[{"href":"https:\/\/www.djk-erlangen.de\/fussball\/index.php?rest_route=%2Fwp%2Fv2%2Fmedia&parent=14221"}],"wp:term":[{"taxonomy":"category","embeddable":true,"href":"https:\/\/www.djk-erlangen.de\/fussball\/index.php?rest_route=%2Fwp%2Fv2%2Fcategories&post=14221"},{"taxonomy":"post_tag","embeddable":true,"href":"https:\/\/www.djk-erlangen.de\/fussball\/index.php?rest_route=%2Fwp%2Fv2%2Ftags&post=14221"}],"curies":[{"name":"wp","href":"https:\/\/api.w.org\/{rel}","templated":true}]}}