{"id":14218,"date":"2017-02-12T21:36:56","date_gmt":"2017-02-12T20:36:56","guid":{"rendered":"http:\/\/www.djk-erlangen.de\/fussball\/?p=14218"},"modified":"2017-02-12T21:36:56","modified_gmt":"2017-02-12T20:36:56","slug":"u9-erst-durch-die-spvgg-greuther-fuerth-zu-bremsen-beim-regio-cup-2017","status":"publish","type":"post","link":"https:\/\/www.djk-erlangen.de\/fussball\/?p=14218","title":{"rendered":"U9 erst durch die SpVgg Greuther F\u00fcrth zu Bremsen beim Regio Cup 2017"},"content":{"rendered":"<p>Am heutigen Sonntag ging es zum Regionalen Top Turnier das durch die SpVgg Greuther F\u00fcrth in Kooperation mit dem SC Eltersdorf veranstaltet wurde.<\/p>\n<p>Im ersten Spiel gegen die SG Quelle F\u00fcrth spielte man nur auf das Gegnerische Tor.. bekam aber zwei Kontertore in den letzten 2 minuten.<\/p>\n<p>Endstand DJK: SG Quelle F\u00fcrth 0:2<\/p>\n<p>Im zweiten spiel gegen den SC Eltersdorf musste ein Sieg her, diesen holten die Jungs souver\u00e4n.<\/p>\n<p>Endstand DJK: SC Eltersdorf 3:1<\/p>\n<p>Im dritten Spiel stande man dann unter druck gegen den TB Johannis 1883, man brauchte 3 Punkte um zu Quelle F\u00fcrth und Johannis aufzuschlie\u00dfen.<\/p>\n<p>Man kassierte v\u00f6llig unn\u00f6tig durch eine Ecke den 1:0 R\u00fcckstand.. aber mit den unb\u00e4ndigen Willen kam man v\u00f6llig verdient zur\u00fcck ins Spiel und erzielte das 1:1.<\/p>\n<p>In der letzten zu spielenden Minute holte Leo zum Sonntagsschuss von der Mittellinie aus und der Ball flog genau hinter dem gegnerischen Torwart ins Netz.<\/p>\n<p>Endstand DJK: TB Johannis 1883 2:1<\/p>\n<p>Im letzten Spiel der Gruppenphase ging es gegen die SF Gro\u00dfgr\u00fcndlach<\/p>\n<p>Von Anfang an zeigte man wer Chef am Platz ist und lie\u00df mit 6 Kisten innerhalb 9 zu spielenden Minuten nichts anbrennen und zog so ins Halbfinale ein.<\/p>\n<p>Endstand DJK: SF Gro\u00dfgr\u00fcndlach 6:0<\/p>\n<p>HALBFINALE:<\/p>\n<p>Im Halbfinale wartete niemand geringeres als der Bundesliga Nachwuchs der SpVgg Greuther F\u00fcrth auf uns.<\/p>\n<p>lange tat sich Greuther F\u00fcrth sehr schwer ehe die Individuelle Klasse der Greuther das Spiel entschied.<\/p>\n<p>Anschlie\u00dfend bekam man gro\u00dfes Lob f\u00fcr die erbrachte Leistung!<\/p>\n<p>Enstand DJK: SpVgg Greuther F\u00fcrth 0:3<\/p>\n<p>Spiel um Platz 3 und 4<\/p>\n<p>Man traf wie schon in der Gruppe auf die SG Quelle F\u00fcrth.<\/p>\n<p>Diesmal gingen wir in F\u00fchrung konnten das Tempo aber nichtmehr hoch genug halten um das 1:1 zu verhindern.<\/p>\n<p>In den Schlussminuten kassierte man noch das 1:2<\/p>\n<p>Endstand DJK: SG Quelle F\u00fcrth 1:2<\/p>\n<p>Am Ende steht ein guter 4. Platz beim Regio Cup 2017 zu Buche.<\/p>\n","protected":false},"excerpt":{"rendered":"<p>Am heutigen Sonntag ging es zum Regionalen Top Turnier das durch die SpVgg Greuther F\u00fcrth in Kooperation mit dem SC Eltersdorf veranstaltet wurde. Im ersten Spiel gegen die SG Quelle F\u00fcrth spielte man nur auf das Gegnerische Tor.. bekam aber &hellip; <a href=\"https:\/\/www.djk-erlangen.de\/fussball\/?p=14218\">Weiterlesen <span class=\"meta-nav\">&rarr;<\/span><\/a><\/p>\n","protected":false},"author":47,"featured_media":0,"comment_status":"open","ping_status":"closed","sticky":false,"template":"","format":"standard","meta":{"jetpack_post_was_ever_published":false,"_jetpack_newsletter_access":"","_jetpack_dont_email_post_to_subs":false,"_jetpack_newsletter_tier_id":0,"_jetpack_memberships_contains_paywalled_content":false,"_jetpack_memberships_contains_paid_content":false,"footnotes":"","jetpack_publicize_message":"","jetpack_publicize_feature_enabled":true,"jetpack_social_post_already_shared":true,"jetpack_social_options":{"image_generator_settings":{"template":"highway","default_image_id":0,"font":"","enabled":false},"version":2}},"categories":[1,50,15],"tags":[],"class_list":["post-14218","post","type-post","status-publish","format-standard","hentry","category-allgemein","category-u9","category-u9-f1"],"jetpack_publicize_connections":[],"jetpack_featured_media_url":"","jetpack_shortlink":"https:\/\/wp.me\/p2ZUr0-3Hk","jetpack_sharing_enabled":true,"_links":{"self":[{"href":"https:\/\/www.djk-erlangen.de\/fussball\/index.php?rest_route=\/wp\/v2\/posts\/14218","targetHints":{"allow":["GET"]}}],"collection":[{"href":"https:\/\/www.djk-erlangen.de\/fussball\/index.php?rest_route=\/wp\/v2\/posts"}],"about":[{"href":"https:\/\/www.djk-erlangen.de\/fussball\/index.php?rest_route=\/wp\/v2\/types\/post"}],"author":[{"embeddable":true,"href":"https:\/\/www.djk-erlangen.de\/fussball\/index.php?rest_route=\/wp\/v2\/users\/47"}],"replies":[{"embeddable":true,"href":"https:\/\/www.djk-erlangen.de\/fussball\/index.php?rest_route=%2Fwp%2Fv2%2Fcomments&post=14218"}],"version-history":[{"count":1,"href":"https:\/\/www.djk-erlangen.de\/fussball\/index.php?rest_route=\/wp\/v2\/posts\/14218\/revisions"}],"predecessor-version":[{"id":14219,"href":"https:\/\/www.djk-erlangen.de\/fussball\/index.php?rest_route=\/wp\/v2\/posts\/14218\/revisions\/14219"}],"wp:attachment":[{"href":"https:\/\/www.djk-erlangen.de\/fussball\/index.php?rest_route=%2Fwp%2Fv2%2Fmedia&parent=14218"}],"wp:term":[{"taxonomy":"category","embeddable":true,"href":"https:\/\/www.djk-erlangen.de\/fussball\/index.php?rest_route=%2Fwp%2Fv2%2Fcategories&post=14218"},{"taxonomy":"post_tag","embeddable":true,"href":"https:\/\/www.djk-erlangen.de\/fussball\/index.php?rest_route=%2Fwp%2Fv2%2Ftags&post=14218"}],"curies":[{"name":"wp","href":"https:\/\/api.w.org\/{rel}","templated":true}]}}