{"id":14092,"date":"2016-10-16T21:13:32","date_gmt":"2016-10-16T19:13:32","guid":{"rendered":"http:\/\/www.djk-erlangen.de\/fussball\/?p=14092"},"modified":"2016-10-16T21:13:32","modified_gmt":"2016-10-16T19:13:32","slug":"c-1-stuermt-verlustpunktfrei-richtung-meisterschaft","status":"publish","type":"post","link":"https:\/\/www.djk-erlangen.de\/fussball\/?p=14092","title":{"rendered":"C-1 st\u00fcrmt verlustpunktfrei Richtung Meisterschaft"},"content":{"rendered":"<p>Am heutigen Sonntag war die 2. Mannschaft des SC Uttenreuth bei uns zu Gast am Wiesengrund. Bei fast sommerlichen Temperaturen wollten die Wiesenwegbuben im Kampf um den Meistertitel Ihre bl\u00fctenwei\u00dfe Weste behalten.<br \/>\nKurz nach dem Ansto\u00df konnte unser Torj\u00e4ger Manu seine Farben in F\u00fchrung bringen. Im weiteren Spielverlauf \u00fcbernahmen wir mehr und mehr die Initiative und liesen den Gast nicht zur Entfaltung kommen. Nach einem sch\u00f6nen Spielzug<br \/>\nerh\u00f6hte unser Max nach 15. Minuten auf 2:0<\/p>\n<p><!--more--><\/p>\n<p>Mittlerweile war die Partie recht einseitig und Lorenz konnte kurz vor der Pause noch auf 3:0 f\u00fcr die Weichbuben stellen. Mit diesem Tor war die Gegenwehr der G\u00e4ste gebrochen und unser Mittelfeldmotor Luca markierte sogar noch das 4:0<\/p>\n<p>Im zweiten Spielabschnitt ging dann das muntere Toreschie\u00dfen weiter. Erneut war Manu zur Stelle und stellte die Anzeigentafel auf 5:0 f\u00fcr die Wiesenwegkanoniere. In der verbleibenden Spielzeit spielte sich unser Timmi in die Herzen der DJK Fans!<br \/>\nMit einem blitzsauberen Tripel sorgte dieser f\u00fcr die Entscheidung zum ungef\u00e4hrdeten 8:0 Heimsieg gegen heute v\u00f6llig \u00fcberforderte G\u00e4ste.<\/p>\n<p>Mit diesem Sieg haben wir bereits heute die Qualirunde souver\u00e4n gemeistert und k\u00f6nnen nicht mehr von einem der berechtigten Pl\u00e4tze f\u00fcr die Aufstiegsrunde verdr\u00e4ngt werden. Vielmehr brauchen wir zum Erlangen der Meisterschaft aus den verbleibenden 2 Spielen gegen Gegner aus der unteren Tabellenregion noch einen Punkt um die Meisterschaft erneut in den Wiesengrund zu holen.<\/p>\n<p>Hut ab Jungs! Wer h\u00e4tte das vor dieser Saison erwartet!? Eine fast komplett neu zusammengestellt Mannschaft mit vielen jungen Spielern, hat ab dem ersten Spieltag immer besser funktioniert. Danke auch an das Trainerteam was Euch zu einer homogenen geschlossenen Mannschaft geformt hat. Auf Euch kann man richtig Stolz sein!!!<\/p>\n<p>DJK Aufgebot:<br \/>\nTim; Felix; Daniel; Ali-Alex; Oliver; Lorenz; Benedikt; Manu; Luca; Timm; Konstantin; Lasse; Elias; Max<\/p>\n<p>Tore:<br \/>\nTimmi (3); Manu (2); Lorenz (1) Luca (1); Max (1)<\/p>\n","protected":false},"excerpt":{"rendered":"<p>Am heutigen Sonntag war die 2. Mannschaft des SC Uttenreuth bei uns zu Gast am Wiesengrund. Bei fast sommerlichen Temperaturen wollten die Wiesenwegbuben im Kampf um den Meistertitel Ihre bl\u00fctenwei\u00dfe Weste behalten. Kurz nach dem Ansto\u00df konnte unser Torj\u00e4ger Manu &hellip; <a href=\"https:\/\/www.djk-erlangen.de\/fussball\/?p=14092\">Weiterlesen <span class=\"meta-nav\">&rarr;<\/span><\/a><\/p>\n","protected":false},"author":32,"featured_media":0,"comment_status":"open","ping_status":"closed","sticky":false,"template":"","format":"standard","meta":{"jetpack_post_was_ever_published":false,"_jetpack_newsletter_access":"","_jetpack_dont_email_post_to_subs":false,"_jetpack_newsletter_tier_id":0,"_jetpack_memberships_contains_paywalled_content":false,"_jetpack_memberships_contains_paid_content":false,"footnotes":"","jetpack_publicize_message":"","jetpack_publicize_feature_enabled":true,"jetpack_social_post_already_shared":true,"jetpack_social_options":{"image_generator_settings":{"template":"highway","default_image_id":0,"font":"","enabled":false},"version":2}},"categories":[45],"tags":[],"class_list":["post-14092","post","type-post","status-publish","format-standard","hentry","category-u15-c1"],"jetpack_publicize_connections":[],"jetpack_featured_media_url":"","jetpack_shortlink":"https:\/\/wp.me\/p2ZUr0-3Fi","jetpack_sharing_enabled":true,"_links":{"self":[{"href":"https:\/\/www.djk-erlangen.de\/fussball\/index.php?rest_route=\/wp\/v2\/posts\/14092","targetHints":{"allow":["GET"]}}],"collection":[{"href":"https:\/\/www.djk-erlangen.de\/fussball\/index.php?rest_route=\/wp\/v2\/posts"}],"about":[{"href":"https:\/\/www.djk-erlangen.de\/fussball\/index.php?rest_route=\/wp\/v2\/types\/post"}],"author":[{"embeddable":true,"href":"https:\/\/www.djk-erlangen.de\/fussball\/index.php?rest_route=\/wp\/v2\/users\/32"}],"replies":[{"embeddable":true,"href":"https:\/\/www.djk-erlangen.de\/fussball\/index.php?rest_route=%2Fwp%2Fv2%2Fcomments&post=14092"}],"version-history":[{"count":1,"href":"https:\/\/www.djk-erlangen.de\/fussball\/index.php?rest_route=\/wp\/v2\/posts\/14092\/revisions"}],"predecessor-version":[{"id":14093,"href":"https:\/\/www.djk-erlangen.de\/fussball\/index.php?rest_route=\/wp\/v2\/posts\/14092\/revisions\/14093"}],"wp:attachment":[{"href":"https:\/\/www.djk-erlangen.de\/fussball\/index.php?rest_route=%2Fwp%2Fv2%2Fmedia&parent=14092"}],"wp:term":[{"taxonomy":"category","embeddable":true,"href":"https:\/\/www.djk-erlangen.de\/fussball\/index.php?rest_route=%2Fwp%2Fv2%2Fcategories&post=14092"},{"taxonomy":"post_tag","embeddable":true,"href":"https:\/\/www.djk-erlangen.de\/fussball\/index.php?rest_route=%2Fwp%2Fv2%2Ftags&post=14092"}],"curies":[{"name":"wp","href":"https:\/\/api.w.org\/{rel}","templated":true}]}}