{"id":13944,"date":"2016-09-25T18:12:24","date_gmt":"2016-09-25T16:12:24","guid":{"rendered":"http:\/\/www.djk-erlangen.de\/fussball\/?p=13944"},"modified":"2016-09-25T18:15:04","modified_gmt":"2016-09-25T16:15:04","slug":"c-1-ueberzeugende-heimspielpremiere","status":"publish","type":"post","link":"https:\/\/www.djk-erlangen.de\/fussball\/?p=13944","title":{"rendered":"C-1 \u00fcberzeugende Heimspielpremiere"},"content":{"rendered":"<p>Zum ersten Heimspiel der Saison waren heute die Kn\u00f6sel Kicker aus Marloffstein zu Gast im Wiesengrund. Wegen Fototermin und sonstigen Verpflichtungen fiel das Aufw\u00e4rmprogramm etwas reduziert aus. Trotzdem waren die Jungs zum Anpfiff hellwach!<\/p>\n<p><!--more--><\/p>\n<p>Die Wiesenweg Buben legten los wie die Feuerwehr. Unser ehemaliger &#8222;Chancentod&#8220; avansiert mehr denn je zum Torj\u00e4ger! Zwei blitzsaubere Tore in der Anfangsviertelstunde durch Manu stellten fr\u00fchzeitig die Signale auf Heimsieg. Im weiteren Spielverlauf erarbeiteten wir uns zahlreiche Einschu\u00dfm\u00f6glichkeiten die mit etwas mehr Cleverness und Abgebr\u00fchtheit von Max in was Z\u00e4hlbares umgesetzt werden h\u00e4tte k\u00f6nnen. So war es wiederum Manu der in der 28. Minute das Spielger\u00e4t durch Luca\u00a0 in den Lauf gespielt bekommen hatte und sich an der Grundlinie gegen 5!! gegnerische Recken durchw\u00fchlte und unhaltbar aus einer unm\u00f6glichen Position\u00a0 zur 3:0 F\u00fchrung einscorte.<\/p>\n<p>Unser Chancentod \u00e4\u00e4\u00e4\u00e4 Torj\u00e4ger war es dann erneut in der 30. Spielminute der das Halbzeitergebnis auf 4:0 korrigierte! Wahnsinn wie sich der Junge in den letzten Jahren entwickelt hat. Man darf auch nicht vergessen, da\u00df Manu durch eine schwerwiegende Verletzung die komplette letzte Saison ausgefallen ist. Diese Erfolgserlebnisse tun nicht nur Ihm gut sondern der gesamten Mannschaft!<\/p>\n<p>Im zweiten Spielabschnitt probierte dann unser Trainer einiges aus und dadurch kam unser Spielflu\u00df ein bisschen ins Stocken. Aber die G\u00e4ste konnten auch trotz der Umstellungen keine Akzente setzen uns so war es unserem B\u00fcffel vorbehalten &#8211; der sich heute vertretungsweise in der Innenverteidigung wiederfand &#8211; das Resultat auf 5:0 f\u00fcr die Wiesenwegbuben zu stellen.<\/p>\n<p>Das halbe Dutzend machte dann erneut unser Torj\u00e4ger in Personalunion Manu mit einer Direktabnahme unter die Latte klar! Damit hat unser Chancentod heute den Status &#8222;Torj\u00e4ger&#8220; erhalten! Gl\u00fcckwunsch zu Deinen 5 Glocken!!\u00a0 Auch unsere ganz jungen Spieler kommen immer besser mit unserem Spielsystem zurecht! Macht weiter so!<\/p>\n<p>Auf diesem Erfolg brauchen wir uns aber nicht ausruhen oder irgendwas einbilden! Bereits am kommenden Sonntag gastiert der TSV Behringersdorf am Wiesengrund, der uns sicherlich mehr abverlangen wird. Kommt alle ins Training um bestm\u00f6glich vorbereitet in die n\u00e4chste Partie zu gehen.<\/p>\n<p>DJK Aufgebot:<br \/>\nTim; Felix; Daniel; Ali-Alex; Lorenz; Konstantin B.; Benedikt; Manu; Luca; Timm; Konstantin K. Lasse; Elias; Max<\/p>\n<p>DJK Tore:<br \/>\nB\u00fcffel (1) Manu (5)<\/p>\n","protected":false},"excerpt":{"rendered":"<p>Zum ersten Heimspiel der Saison waren heute die Kn\u00f6sel Kicker aus Marloffstein zu Gast im Wiesengrund. Wegen Fototermin und sonstigen Verpflichtungen fiel das Aufw\u00e4rmprogramm etwas reduziert aus. Trotzdem waren die Jungs zum Anpfiff hellwach!<\/p>\n","protected":false},"author":32,"featured_media":0,"comment_status":"open","ping_status":"closed","sticky":false,"template":"","format":"standard","meta":{"jetpack_post_was_ever_published":false,"_jetpack_newsletter_access":"","_jetpack_dont_email_post_to_subs":false,"_jetpack_newsletter_tier_id":0,"_jetpack_memberships_contains_paywalled_content":false,"_jetpack_memberships_contains_paid_content":false,"footnotes":"","jetpack_publicize_message":"","jetpack_publicize_feature_enabled":true,"jetpack_social_post_already_shared":true,"jetpack_social_options":{"image_generator_settings":{"template":"highway","default_image_id":0,"font":"","enabled":false},"version":2}},"categories":[45],"tags":[],"class_list":["post-13944","post","type-post","status-publish","format-standard","hentry","category-u15-c1"],"jetpack_publicize_connections":[],"jetpack_featured_media_url":"","jetpack_shortlink":"https:\/\/wp.me\/p2ZUr0-3CU","jetpack_sharing_enabled":true,"_links":{"self":[{"href":"https:\/\/www.djk-erlangen.de\/fussball\/index.php?rest_route=\/wp\/v2\/posts\/13944","targetHints":{"allow":["GET"]}}],"collection":[{"href":"https:\/\/www.djk-erlangen.de\/fussball\/index.php?rest_route=\/wp\/v2\/posts"}],"about":[{"href":"https:\/\/www.djk-erlangen.de\/fussball\/index.php?rest_route=\/wp\/v2\/types\/post"}],"author":[{"embeddable":true,"href":"https:\/\/www.djk-erlangen.de\/fussball\/index.php?rest_route=\/wp\/v2\/users\/32"}],"replies":[{"embeddable":true,"href":"https:\/\/www.djk-erlangen.de\/fussball\/index.php?rest_route=%2Fwp%2Fv2%2Fcomments&post=13944"}],"version-history":[{"count":1,"href":"https:\/\/www.djk-erlangen.de\/fussball\/index.php?rest_route=\/wp\/v2\/posts\/13944\/revisions"}],"predecessor-version":[{"id":13945,"href":"https:\/\/www.djk-erlangen.de\/fussball\/index.php?rest_route=\/wp\/v2\/posts\/13944\/revisions\/13945"}],"wp:attachment":[{"href":"https:\/\/www.djk-erlangen.de\/fussball\/index.php?rest_route=%2Fwp%2Fv2%2Fmedia&parent=13944"}],"wp:term":[{"taxonomy":"category","embeddable":true,"href":"https:\/\/www.djk-erlangen.de\/fussball\/index.php?rest_route=%2Fwp%2Fv2%2Fcategories&post=13944"},{"taxonomy":"post_tag","embeddable":true,"href":"https:\/\/www.djk-erlangen.de\/fussball\/index.php?rest_route=%2Fwp%2Fv2%2Ftags&post=13944"}],"curies":[{"name":"wp","href":"https:\/\/api.w.org\/{rel}","templated":true}]}}