{"id":13931,"date":"2016-09-23T19:00:37","date_gmt":"2016-09-23T17:00:37","guid":{"rendered":"http:\/\/www.djk-erlangen.de\/fussball\/?p=13931"},"modified":"2016-09-23T19:01:58","modified_gmt":"2016-09-23T17:01:58","slug":"f32-erstes-saisonspiel","status":"publish","type":"post","link":"https:\/\/www.djk-erlangen.de\/fussball\/?p=13931","title":{"rendered":"F3\/2 erstes Saisonspiel"},"content":{"rendered":"<p>Heute hat die F3\/2 das erste Punktspiel der Saison mit 4:0 gewonnen gegen ASV M\u00f6hrendorf.<\/p>\n<p>Wir haben als Mannschaft sehr gut verteidigt und kaum eine Torchance zugelassen.\u00a0In der ersten Halbzeit haben die Jungs fantastisch kombiniert, wir waren vor dem Tor leider nicht effektiv genug und haben sehr viele Chancen einfach\u00a0nicht genutzt.. Da k\u00f6nnen und werden wir uns in den n\u00e4chsten Wochen steigern m\u00fcssen.<\/p>\n<p>In der zweiten Halbzeit haben wir\u00a0erneut \u00a0sehr viele Chancen kreiert und\u00a0liegen gelassen. Wir m\u00fcssen uns im letzten Drittel um einiges steigern.<\/p>\n<p>Da die Jungs das selber auch so sehen, bin ich mir sicher k\u00f6nnen wir daran arbeiten und mehr Tore schie\u00dfen.<\/p>\n<p>Nach dem Spiel haben die Jungs noch Elfer geschossen und unsere Jungs hatten S\u00fc\u00dfigkeit f\u00fcr die Gastmannschaft.<\/p>\n<p>Es war ein toller Nachmittag und das wichtigste, unsere Jungs hatten jede Menge Spa\u00df!!<\/p>\n<p>Am Sonntag ist Fototermin f\u00fcr beide Mannschaften. F3\/1 um 10:30 Uhr.\/F3\/2 um 11 Uhr.<\/p>\n<p>N\u00e4chste Woche haben wir Dienstag und Donnertag Training von 16:00-18:00 Uhr.<\/p>\n<p>Vielen Dank an die Eltern f\u00fcr die Unterst\u00fctzung!!<\/p>\n<p>&nbsp;<\/p>\n<p>&nbsp;<\/p>\n<p>&nbsp;<\/p>\n<p>&nbsp;<\/p>\n","protected":false},"excerpt":{"rendered":"<p>Heute hat die F3\/2 das erste Punktspiel der Saison mit 4:0 gewonnen gegen ASV M\u00f6hrendorf. Wir haben als Mannschaft sehr gut verteidigt und kaum eine Torchance zugelassen.\u00a0In der ersten Halbzeit haben die Jungs fantastisch kombiniert, wir waren vor dem Tor &hellip; <a href=\"https:\/\/www.djk-erlangen.de\/fussball\/?p=13931\">Weiterlesen <span class=\"meta-nav\">&rarr;<\/span><\/a><\/p>\n","protected":false},"author":48,"featured_media":0,"comment_status":"open","ping_status":"closed","sticky":false,"template":"","format":"standard","meta":{"jetpack_post_was_ever_published":false,"_jetpack_newsletter_access":"","_jetpack_dont_email_post_to_subs":false,"_jetpack_newsletter_tier_id":0,"_jetpack_memberships_contains_paywalled_content":false,"_jetpack_memberships_contains_paid_content":false,"footnotes":"","jetpack_publicize_message":"","jetpack_publicize_feature_enabled":true,"jetpack_social_post_already_shared":true,"jetpack_social_options":{"image_generator_settings":{"template":"highway","default_image_id":0,"font":"","enabled":false},"version":2}},"categories":[38],"tags":[53],"class_list":["post-13931","post","type-post","status-publish","format-standard","hentry","category-u8-f3-2","tag-f32"],"jetpack_publicize_connections":[],"jetpack_featured_media_url":"","jetpack_shortlink":"https:\/\/wp.me\/p2ZUr0-3CH","jetpack_sharing_enabled":true,"_links":{"self":[{"href":"https:\/\/www.djk-erlangen.de\/fussball\/index.php?rest_route=\/wp\/v2\/posts\/13931","targetHints":{"allow":["GET"]}}],"collection":[{"href":"https:\/\/www.djk-erlangen.de\/fussball\/index.php?rest_route=\/wp\/v2\/posts"}],"about":[{"href":"https:\/\/www.djk-erlangen.de\/fussball\/index.php?rest_route=\/wp\/v2\/types\/post"}],"author":[{"embeddable":true,"href":"https:\/\/www.djk-erlangen.de\/fussball\/index.php?rest_route=\/wp\/v2\/users\/48"}],"replies":[{"embeddable":true,"href":"https:\/\/www.djk-erlangen.de\/fussball\/index.php?rest_route=%2Fwp%2Fv2%2Fcomments&post=13931"}],"version-history":[{"count":1,"href":"https:\/\/www.djk-erlangen.de\/fussball\/index.php?rest_route=\/wp\/v2\/posts\/13931\/revisions"}],"predecessor-version":[{"id":13932,"href":"https:\/\/www.djk-erlangen.de\/fussball\/index.php?rest_route=\/wp\/v2\/posts\/13931\/revisions\/13932"}],"wp:attachment":[{"href":"https:\/\/www.djk-erlangen.de\/fussball\/index.php?rest_route=%2Fwp%2Fv2%2Fmedia&parent=13931"}],"wp:term":[{"taxonomy":"category","embeddable":true,"href":"https:\/\/www.djk-erlangen.de\/fussball\/index.php?rest_route=%2Fwp%2Fv2%2Fcategories&post=13931"},{"taxonomy":"post_tag","embeddable":true,"href":"https:\/\/www.djk-erlangen.de\/fussball\/index.php?rest_route=%2Fwp%2Fv2%2Ftags&post=13931"}],"curies":[{"name":"wp","href":"https:\/\/api.w.org\/{rel}","templated":true}]}}