{"id":13923,"date":"2016-09-17T20:53:17","date_gmt":"2016-09-17T18:53:17","guid":{"rendered":"http:\/\/www.djk-erlangen.de\/fussball\/?p=13923"},"modified":"2016-09-17T21:31:18","modified_gmt":"2016-09-17T19:31:18","slug":"c-1-geglueckter-punktspielstart","status":"publish","type":"post","link":"https:\/\/www.djk-erlangen.de\/fussball\/?p=13923","title":{"rendered":"C-1 gegl\u00fcckter Punktspielstart"},"content":{"rendered":"<p>Zum ersten Spiel der neuen Saison f\u00fchrte uns heute Nachmittag &#8211; zu einer etwas ungewohnten Ansto\u00dfzeit &#8211; der Weg zu der VdS nach Spardorf. Die Jungs waren alle hochmotiviert zum vereinbarten Treffpunkt eingetroffen und so konnte unser Trainer die fast neue Mannschaft in einer gut 20min\u00fctigen Ansprache auf dieses erste Punktspiel einstimmen.<\/p>\n<p><!--more--><!--more--><\/p>\n<p>Bei str\u00f6menden Regen wurde dann die Partie angepfiffen! Vor den zahlreich aus dem Wiesengrund mitgereisten Zuschauern \u00fcbernahmen die Weichbuben sofort die Initiative auf dem Spielfeld und setzten \u00fcber das neue Spielsystem immer wieder gef\u00e4hrliche Nadelstiche nach vorne. So war es bereits in der 10. Spielminute, in der unser kreativer Kopf Luca das Spielger\u00e4t durch die Schnittstelle spielte und unseren Chancentod f\u00f6rmlich einlud das Ding zu machen. Heute lie\u00df Manu nix anbrennen<br \/>\nund scorte zum 0:1 f\u00fcr die Wiesenwegbuben. Man hatte die Begegnung eigentlich im Griff und man scheiterte nur daran, weil noch ein bisschen Abstimmungsprobleme vorherrschten, dem Spiel einen positiven Verlauf aufzudr\u00fccken. So kamen die Hausherren durch eine Unachtsamkeit im Mittelfeld und durch einen Stockfehler unseres Verteidigers in der 20. Minute \u00fcberraschend zum 1:1 Ausgleich. Zweimal sch\u00fctteln und die Regentropfen aus den Augen wischen sollten reichen. Nach einem sch\u00f6nen Direktspiel aus dem offensiven Mittelfeld konnte Konstantin B. erneut Manu den Ball in den Lauf legen. Dieser scheiterte an einer Reflexabwehr des Torh\u00fcters und zollte seinem Spitznamen alle Ehre. Doch weit gefehlt! Wurde fr\u00fcher \u00fcber vergebene Chancen nachgedacht, reagierte Manu heute blitzschnell und legte das Spielger\u00e4t auf den besser positionierten Benedikt, der mit einer unhaltbaren Granate die Weichen auf Ausw\u00e4rtssieg stellte.<\/p>\n<p>Die verdiente F\u00fchrung zur Halbzeit wurde f\u00fcr eine ausf\u00fchrliche Analyse in der Schutzh\u00fctte genutzt. Der zweite Spielabschnitt begann wie der erste! Nach einem kurzen Abtasten war es diesmal die Achse Lorenz , Elias und Manu welche das 1:3 durch Luca in der 45.\u00a0 Min. einleiteten. F\u00fcr eine weitere Ergebniskosmetik sorgte dann erneut Chancentod Manu in der 60. und 65. Minute zum 1:5 Endstand. Hoffentlich hat er sich heute die letzten Zweifel seiner doch langen Leidenszeit von der Seele geschossen und kann wieder zu alter Form zur\u00fcck finden.<\/p>\n<p>F\u00fcr eine ganz junge, neuformierte\u00a0 Mannschaft die eigentlich noch in der Findungsphase ist, haben wir heute eine tolle Leistung abgeliefert. Macht weiter so Jungs!!! Denn wenn ihr alle wollt und an einem Strang zieht ist vieles m\u00f6glich!\u00a0 Am kommenden<br \/>\nSonntag ist dann der TSV Marloffstein zu Gast im Wiesengrund. Die Jungs w\u00fcrden sich zum ersten Heimspiel \u00fcber viele Zuschauer sicherlich sehr freuen.<\/p>\n<p>DJK Aufgebot:<br \/>\nTim; Felix H.; Daniel; Alex; Oli; Lorenz; Konstantin B.; Benedikt; Manu; Luca; Timm; Konstantin K.; Elias; Max<\/p>\n<p>DJK Tore:<br \/>\nBenedikt (1); Luca (1); Manu (3)<\/p>\n","protected":false},"excerpt":{"rendered":"<p>Zum ersten Spiel der neuen Saison f\u00fchrte uns heute Nachmittag &#8211; zu einer etwas ungewohnten Ansto\u00dfzeit &#8211; der Weg zu der VdS nach Spardorf. Die Jungs waren alle hochmotiviert zum vereinbarten Treffpunkt eingetroffen und so konnte unser Trainer die fast &hellip; <a href=\"https:\/\/www.djk-erlangen.de\/fussball\/?p=13923\">Weiterlesen <span class=\"meta-nav\">&rarr;<\/span><\/a><\/p>\n","protected":false},"author":32,"featured_media":0,"comment_status":"open","ping_status":"closed","sticky":false,"template":"","format":"standard","meta":{"jetpack_post_was_ever_published":false,"_jetpack_newsletter_access":"","_jetpack_dont_email_post_to_subs":false,"_jetpack_newsletter_tier_id":0,"_jetpack_memberships_contains_paywalled_content":false,"_jetpack_memberships_contains_paid_content":false,"footnotes":"","jetpack_publicize_message":"","jetpack_publicize_feature_enabled":true,"jetpack_social_post_already_shared":true,"jetpack_social_options":{"image_generator_settings":{"template":"highway","default_image_id":0,"font":"","enabled":false},"version":2}},"categories":[45],"tags":[],"class_list":["post-13923","post","type-post","status-publish","format-standard","hentry","category-u15-c1"],"jetpack_publicize_connections":[],"jetpack_featured_media_url":"","jetpack_shortlink":"https:\/\/wp.me\/p2ZUr0-3Cz","jetpack_sharing_enabled":true,"_links":{"self":[{"href":"https:\/\/www.djk-erlangen.de\/fussball\/index.php?rest_route=\/wp\/v2\/posts\/13923","targetHints":{"allow":["GET"]}}],"collection":[{"href":"https:\/\/www.djk-erlangen.de\/fussball\/index.php?rest_route=\/wp\/v2\/posts"}],"about":[{"href":"https:\/\/www.djk-erlangen.de\/fussball\/index.php?rest_route=\/wp\/v2\/types\/post"}],"author":[{"embeddable":true,"href":"https:\/\/www.djk-erlangen.de\/fussball\/index.php?rest_route=\/wp\/v2\/users\/32"}],"replies":[{"embeddable":true,"href":"https:\/\/www.djk-erlangen.de\/fussball\/index.php?rest_route=%2Fwp%2Fv2%2Fcomments&post=13923"}],"version-history":[{"count":1,"href":"https:\/\/www.djk-erlangen.de\/fussball\/index.php?rest_route=\/wp\/v2\/posts\/13923\/revisions"}],"predecessor-version":[{"id":13924,"href":"https:\/\/www.djk-erlangen.de\/fussball\/index.php?rest_route=\/wp\/v2\/posts\/13923\/revisions\/13924"}],"wp:attachment":[{"href":"https:\/\/www.djk-erlangen.de\/fussball\/index.php?rest_route=%2Fwp%2Fv2%2Fmedia&parent=13923"}],"wp:term":[{"taxonomy":"category","embeddable":true,"href":"https:\/\/www.djk-erlangen.de\/fussball\/index.php?rest_route=%2Fwp%2Fv2%2Fcategories&post=13923"},{"taxonomy":"post_tag","embeddable":true,"href":"https:\/\/www.djk-erlangen.de\/fussball\/index.php?rest_route=%2Fwp%2Fv2%2Ftags&post=13923"}],"curies":[{"name":"wp","href":"https:\/\/api.w.org\/{rel}","templated":true}]}}