{"id":13910,"date":"2016-09-16T18:42:27","date_gmt":"2016-09-16T16:42:27","guid":{"rendered":"http:\/\/www.djk-erlangen.de\/fussball\/?p=13910"},"modified":"2016-09-17T19:47:00","modified_gmt":"2016-09-17T17:47:00","slug":"f31-saisonauftakt-mehr-als-gelungen","status":"publish","type":"post","link":"https:\/\/www.djk-erlangen.de\/fussball\/?p=13910","title":{"rendered":"F3\/1  Saisonauftakt mehr als gelungen!!"},"content":{"rendered":"<p>Heute hatte die F3\/1 ihr erstes Saisonspiel beim FC Herzogenaurach II.<br \/>\nDie Jungs haben von Anfang gezeigt, warum sie letztes Jahr fast jedes Turnier gewonnen haben und auch im Hallenkreisfinale waren.<br \/>\nUnsere Jungs legten los wie die Feuerwehr und f\u00fchrten sehr schnell zur Pause mit 8:0. Durch tolle Kombinationen und k\u00e4mpferischen Einsatz konnten wir uns eine \u00dcberlegenheit erspielen.<\/p>\n<p><!--more--><\/p>\n<p>In der zweiten Halbzeit haben wir da weiter gemacht wo wir in der ersten Halbzeit aufgeh\u00f6rt hatten. Der Gegner hatte wirklich keine Chance nach vorne. Das pressen hat super geklappt und ich war die meiste Zeit leise und musste nichts sagen, weil alles geklappt hat. Am Ende gewannen unsere Jungs 14:0 Ausw\u00e4rts.<\/p>\n<p>Die Torsch\u00fctzen (Noah 5x, Timo 3x, Oskar 2x, Mateo 1x, Robin 1x, Matthias 1x einer ist leider nicht notiert)<\/p>\n<p>Wir sind alle sehr stolz auf euch Jungs. Bitte macht genauso weiter wie bisher. N\u00e4chste Woche ist Training am Dienstag und Donnerstag von 16:30-18 Uhr.<\/p>\n<p>Ich m\u00f6chte mich an dieser Stelle ganz herzlich bei allen Eltern bedanken, ihr unterst\u00fctzt mich und unsere Jungs hervorragend.<\/p>\n<p>&nbsp;<\/p>\n","protected":false},"excerpt":{"rendered":"<p>Heute hatte die F3\/1 ihr erstes Saisonspiel beim FC Herzogenaurach II. Die Jungs haben von Anfang gezeigt, warum sie letztes Jahr fast jedes Turnier gewonnen haben und auch im Hallenkreisfinale waren. Unsere Jungs legten los wie die Feuerwehr und f\u00fchrten &hellip; <a href=\"https:\/\/www.djk-erlangen.de\/fussball\/?p=13910\">Weiterlesen <span class=\"meta-nav\">&rarr;<\/span><\/a><\/p>\n","protected":false},"author":48,"featured_media":0,"comment_status":"open","ping_status":"closed","sticky":false,"template":"","format":"standard","meta":{"jetpack_post_was_ever_published":false,"_jetpack_newsletter_access":"","_jetpack_dont_email_post_to_subs":false,"_jetpack_newsletter_tier_id":0,"_jetpack_memberships_contains_paywalled_content":false,"_jetpack_memberships_contains_paid_content":false,"footnotes":"","jetpack_publicize_message":"","jetpack_publicize_feature_enabled":true,"jetpack_social_post_already_shared":true,"jetpack_social_options":{"image_generator_settings":{"template":"highway","default_image_id":0,"font":"","enabled":false},"version":2}},"categories":[51],"tags":[],"class_list":["post-13910","post","type-post","status-publish","format-standard","hentry","category-u8-f3"],"jetpack_publicize_connections":[],"jetpack_featured_media_url":"","jetpack_shortlink":"https:\/\/wp.me\/p2ZUr0-3Cm","jetpack_sharing_enabled":true,"_links":{"self":[{"href":"https:\/\/www.djk-erlangen.de\/fussball\/index.php?rest_route=\/wp\/v2\/posts\/13910","targetHints":{"allow":["GET"]}}],"collection":[{"href":"https:\/\/www.djk-erlangen.de\/fussball\/index.php?rest_route=\/wp\/v2\/posts"}],"about":[{"href":"https:\/\/www.djk-erlangen.de\/fussball\/index.php?rest_route=\/wp\/v2\/types\/post"}],"author":[{"embeddable":true,"href":"https:\/\/www.djk-erlangen.de\/fussball\/index.php?rest_route=\/wp\/v2\/users\/48"}],"replies":[{"embeddable":true,"href":"https:\/\/www.djk-erlangen.de\/fussball\/index.php?rest_route=%2Fwp%2Fv2%2Fcomments&post=13910"}],"version-history":[{"count":6,"href":"https:\/\/www.djk-erlangen.de\/fussball\/index.php?rest_route=\/wp\/v2\/posts\/13910\/revisions"}],"predecessor-version":[{"id":13922,"href":"https:\/\/www.djk-erlangen.de\/fussball\/index.php?rest_route=\/wp\/v2\/posts\/13910\/revisions\/13922"}],"wp:attachment":[{"href":"https:\/\/www.djk-erlangen.de\/fussball\/index.php?rest_route=%2Fwp%2Fv2%2Fmedia&parent=13910"}],"wp:term":[{"taxonomy":"category","embeddable":true,"href":"https:\/\/www.djk-erlangen.de\/fussball\/index.php?rest_route=%2Fwp%2Fv2%2Fcategories&post=13910"},{"taxonomy":"post_tag","embeddable":true,"href":"https:\/\/www.djk-erlangen.de\/fussball\/index.php?rest_route=%2Fwp%2Fv2%2Ftags&post=13910"}],"curies":[{"name":"wp","href":"https:\/\/api.w.org\/{rel}","templated":true}]}}