{"id":13874,"date":"2016-09-10T16:54:12","date_gmt":"2016-09-10T14:54:12","guid":{"rendered":"http:\/\/www.djk-erlangen.de\/fussball\/?p=13874"},"modified":"2016-09-10T16:54:12","modified_gmt":"2016-09-10T14:54:12","slug":"c-1-gelungener-saisonauftakt","status":"publish","type":"post","link":"https:\/\/www.djk-erlangen.de\/fussball\/?p=13874","title":{"rendered":"C-1 gelungener Saisonauftakt"},"content":{"rendered":"<p>Nach einer langen Sommerpause\u00a0 absolvierte die neue C-Jugend nach gut 3 Wochen Training am heutigen Samstag ihr erstes und einziges Vorbereitungsspiel auf die neue Saison.<\/p>\n<p><!--more--><\/p>\n<p>Bei hochsommerlichen Temperaturen war man beim ASV Weisendorf zu Gast. Die Jungs fanden relativ schnell in die Spur und konnten nach einem sch\u00f6nen Pa\u00df von Luca durch Benedikt bereits in der 5. Spielminute in F\u00fchrung gehen. In der 7. Spielminute war es dann Timmi vorbehalten auf 0:2 zu erh\u00f6hen. In der Folgezeit der Partie hatten wir noch zahlreiche Einschu\u00dfm\u00f6glichkeiten welche jedoch in letzter Konsequenz nicht verwertet wurden. Die neu formierte Mannschaft stand in allen Mannschaftsteilen sehr kompakt und hat auch in der Abwehrreihe auf der linken Seite durch Neuzugang Felix H. deutlich mehr Stabilit\u00e4t. Auch im Mittelfeld funktioniert die Abstimmung zwischen jung und alt schon sehr gut.<\/p>\n<p>Nach der Pause erh\u00f6hten wir kurzfristig wieder das Tempo und brachten die Hausherren durch unser schnelles Kombinationsspiel in arge Bedr\u00e4ngnis. Unser Antreiber im Spiel nach vorne war heute einmal mehr Luca, der mit seiner \u00dcbersicht den von links heraneilenden B\u00fcffel musterg\u00fcltig in den Lauf passte. Dieser setzte sich gegen 2 gegnerische Abwehrrecken durch und flankte auf den ebenfalls mit gelaufenen Timm, der in der 36. Minute die Anzeigentafel auf 0:3 stellte. Elias und Max standen auf der Doppelsechs sicher und fungierten als sichere Abfangj\u00e4ger. So lie\u00df Max im Zweikampf nicht locker und eroberte sich den Ball zur\u00fcck. Nach einer sch\u00f6nen Ballstafette mit Elias sah Max die L\u00fccke und spielt das Ger\u00e4t Luca in den Lauf. Dieser bewies wieder mal seine Torgef\u00e4hrlichkeit und kr\u00f6nte seine Topleistung in der 48. Minute mit dem 0:4 f\u00fcr die Wiesenwegbuben. F\u00fcr den Endstand sorgte dann unser Dauerl\u00e4ufer B\u00fcffel der in Kombination mit Flo und Luca mit der gegnerischen Abwehr erstmal ein Eckla machten bevor er in der 65. Minute das Spielger\u00e4t unhaltbar in die Maschen drosch.<\/p>\n<p>Die trotz der hohen Temperaturen heute gezeigte Leistung -gerade auch im l\u00e4uferischen Bereich- macht richtig Freude auf die neue Saison, welche am kommenden Samstag um 14:30 Uhr in Spardorf beginnt. Selbst auf der Position des Torh\u00fcters haben wir nach dem Vereinswechsel der etatm\u00e4\u00dfigen Nr. 1 mit Manu einen tollen Ersatz.und die Position gut besetzt. Auch die jungen Wilden, Max, Elias, Felix und Jan haben sich sehr gut in das Mannschaftsgef\u00fcge integriert und werden sicherlich in ihre Aufgaben hineinwachsen.<\/p>\n<p>DJK Aufgebot:<br \/>\nManu; Felix H.; Alex; Oli; Lorenz; Benedikt; Luca; Timm; Flo; Elias; Sebastian; Max; Jan Finn<\/p>\n<p>Tore:<br \/>\nBenedikt (2); Timm (2); Luca (1)<\/p>\n","protected":false},"excerpt":{"rendered":"<p>Nach einer langen Sommerpause\u00a0 absolvierte die neue C-Jugend nach gut 3 Wochen Training am heutigen Samstag ihr erstes und einziges Vorbereitungsspiel auf die neue Saison.<\/p>\n","protected":false},"author":32,"featured_media":0,"comment_status":"open","ping_status":"closed","sticky":false,"template":"","format":"standard","meta":{"jetpack_post_was_ever_published":false,"_jetpack_newsletter_access":"","_jetpack_dont_email_post_to_subs":false,"_jetpack_newsletter_tier_id":0,"_jetpack_memberships_contains_paywalled_content":false,"_jetpack_memberships_contains_paid_content":false,"footnotes":"","jetpack_publicize_message":"","jetpack_publicize_feature_enabled":true,"jetpack_social_post_already_shared":true,"jetpack_social_options":{"image_generator_settings":{"template":"highway","default_image_id":0,"font":"","enabled":false},"version":2}},"categories":[45],"tags":[],"class_list":["post-13874","post","type-post","status-publish","format-standard","hentry","category-u15-c1"],"jetpack_publicize_connections":[],"jetpack_featured_media_url":"","jetpack_shortlink":"https:\/\/wp.me\/p2ZUr0-3BM","jetpack_sharing_enabled":true,"_links":{"self":[{"href":"https:\/\/www.djk-erlangen.de\/fussball\/index.php?rest_route=\/wp\/v2\/posts\/13874","targetHints":{"allow":["GET"]}}],"collection":[{"href":"https:\/\/www.djk-erlangen.de\/fussball\/index.php?rest_route=\/wp\/v2\/posts"}],"about":[{"href":"https:\/\/www.djk-erlangen.de\/fussball\/index.php?rest_route=\/wp\/v2\/types\/post"}],"author":[{"embeddable":true,"href":"https:\/\/www.djk-erlangen.de\/fussball\/index.php?rest_route=\/wp\/v2\/users\/32"}],"replies":[{"embeddable":true,"href":"https:\/\/www.djk-erlangen.de\/fussball\/index.php?rest_route=%2Fwp%2Fv2%2Fcomments&post=13874"}],"version-history":[{"count":1,"href":"https:\/\/www.djk-erlangen.de\/fussball\/index.php?rest_route=\/wp\/v2\/posts\/13874\/revisions"}],"predecessor-version":[{"id":13875,"href":"https:\/\/www.djk-erlangen.de\/fussball\/index.php?rest_route=\/wp\/v2\/posts\/13874\/revisions\/13875"}],"wp:attachment":[{"href":"https:\/\/www.djk-erlangen.de\/fussball\/index.php?rest_route=%2Fwp%2Fv2%2Fmedia&parent=13874"}],"wp:term":[{"taxonomy":"category","embeddable":true,"href":"https:\/\/www.djk-erlangen.de\/fussball\/index.php?rest_route=%2Fwp%2Fv2%2Fcategories&post=13874"},{"taxonomy":"post_tag","embeddable":true,"href":"https:\/\/www.djk-erlangen.de\/fussball\/index.php?rest_route=%2Fwp%2Fv2%2Ftags&post=13874"}],"curies":[{"name":"wp","href":"https:\/\/api.w.org\/{rel}","templated":true}]}}