{"id":13776,"date":"2016-08-01T21:51:43","date_gmt":"2016-08-01T19:51:43","guid":{"rendered":"http:\/\/www.djk-erlangen.de\/fussball\/?p=13776"},"modified":"2016-08-02T07:25:46","modified_gmt":"2016-08-02T05:25:46","slug":"djk-sommercup-2016-wieder-ein-highlight","status":"publish","type":"post","link":"https:\/\/www.djk-erlangen.de\/fussball\/?p=13776","title":{"rendered":"DJK Sommercup 2016 &#8211; Wieder ein Highlight!"},"content":{"rendered":"<p>Auch in diesem Jahr war der DJK Sommercup (U10 \/ U11) wieder ein voller Erfolg.<\/p>\n<p>K\u00f6nnte einen Roman dar\u00fcber schreiben, bringe es auf den Punkt:<\/p>\n<p>Danke an den Verein, danke an die Jugendleitung, danke an die vielen hilfsbereiten Eltern und ein gro\u00dfes Danke an unsere G\u00e4ste. Die Spiele waren von Freundschaft, Fairness und guten Fu\u00dfball gepr\u00e4gt.<\/p>\n<p><img loading=\"lazy\" decoding=\"async\" class=\"alignnone wp-image-13775 size-full\" src=\"http:\/\/www.djk-erlangen.de\/fussball\/wp-content\/uploads\/2016\/08\/Bild6.jpg\" alt=\"Bild6\" width=\"448\" height=\"299\" srcset=\"https:\/\/www.djk-erlangen.de\/fussball\/wp-content\/uploads\/2016\/08\/Bild6.jpg 448w, https:\/\/www.djk-erlangen.de\/fussball\/wp-content\/uploads\/2016\/08\/Bild6-150x100.jpg 150w, https:\/\/www.djk-erlangen.de\/fussball\/wp-content\/uploads\/2016\/08\/Bild6-300x200.jpg 300w\" sizes=\"auto, (max-width: 448px) 100vw, 448px\" \/><\/p>\n<p><img loading=\"lazy\" decoding=\"async\" class=\"alignnone size-full wp-image-13773\" src=\"http:\/\/www.djk-erlangen.de\/fussball\/wp-content\/uploads\/2016\/08\/Bild2.jpg\" alt=\"Bild2\" width=\"448\" height=\"299\" srcset=\"https:\/\/www.djk-erlangen.de\/fussball\/wp-content\/uploads\/2016\/08\/Bild2.jpg 448w, https:\/\/www.djk-erlangen.de\/fussball\/wp-content\/uploads\/2016\/08\/Bild2-150x100.jpg 150w, https:\/\/www.djk-erlangen.de\/fussball\/wp-content\/uploads\/2016\/08\/Bild2-300x200.jpg 300w\" sizes=\"auto, (max-width: 448px) 100vw, 448px\" \/><\/p>\n<p><img loading=\"lazy\" decoding=\"async\" class=\"alignnone size-full wp-image-13774\" src=\"http:\/\/www.djk-erlangen.de\/fussball\/wp-content\/uploads\/2016\/08\/Bild1.jpg\" alt=\"Bild1\" width=\"448\" height=\"299\" srcset=\"https:\/\/www.djk-erlangen.de\/fussball\/wp-content\/uploads\/2016\/08\/Bild1.jpg 448w, https:\/\/www.djk-erlangen.de\/fussball\/wp-content\/uploads\/2016\/08\/Bild1-150x100.jpg 150w, https:\/\/www.djk-erlangen.de\/fussball\/wp-content\/uploads\/2016\/08\/Bild1-300x200.jpg 300w\" sizes=\"auto, (max-width: 448px) 100vw, 448px\" \/><img loading=\"lazy\" decoding=\"async\" class=\"alignnone size-full wp-image-13782\" src=\"http:\/\/www.djk-erlangen.de\/fussball\/wp-content\/uploads\/2016\/08\/Bild7.jpg\" alt=\"Bild7\" width=\"448\" height=\"299\" srcset=\"https:\/\/www.djk-erlangen.de\/fussball\/wp-content\/uploads\/2016\/08\/Bild7.jpg 448w, https:\/\/www.djk-erlangen.de\/fussball\/wp-content\/uploads\/2016\/08\/Bild7-150x100.jpg 150w, https:\/\/www.djk-erlangen.de\/fussball\/wp-content\/uploads\/2016\/08\/Bild7-300x200.jpg 300w\" sizes=\"auto, (max-width: 448px) 100vw, 448px\" \/><img loading=\"lazy\" decoding=\"async\" class=\"alignnone size-full wp-image-13772\" src=\"http:\/\/www.djk-erlangen.de\/fussball\/wp-content\/uploads\/2016\/08\/Bild3.jpg\" alt=\"Bild3\" width=\"448\" height=\"299\" srcset=\"https:\/\/www.djk-erlangen.de\/fussball\/wp-content\/uploads\/2016\/08\/Bild3.jpg 448w, https:\/\/www.djk-erlangen.de\/fussball\/wp-content\/uploads\/2016\/08\/Bild3-150x100.jpg 150w, https:\/\/www.djk-erlangen.de\/fussball\/wp-content\/uploads\/2016\/08\/Bild3-300x200.jpg 300w\" sizes=\"auto, (max-width: 448px) 100vw, 448px\" \/><\/p>\n<p><img loading=\"lazy\" decoding=\"async\" class=\"alignnone size-full wp-image-13771\" src=\"http:\/\/www.djk-erlangen.de\/fussball\/wp-content\/uploads\/2016\/08\/Bild4.jpg\" alt=\"Bild4\" width=\"448\" height=\"299\" srcset=\"https:\/\/www.djk-erlangen.de\/fussball\/wp-content\/uploads\/2016\/08\/Bild4.jpg 448w, https:\/\/www.djk-erlangen.de\/fussball\/wp-content\/uploads\/2016\/08\/Bild4-150x100.jpg 150w, https:\/\/www.djk-erlangen.de\/fussball\/wp-content\/uploads\/2016\/08\/Bild4-300x200.jpg 300w\" sizes=\"auto, (max-width: 448px) 100vw, 448px\" \/><img loading=\"lazy\" decoding=\"async\" class=\"alignnone size-full wp-image-13770\" src=\"http:\/\/www.djk-erlangen.de\/fussball\/wp-content\/uploads\/2016\/08\/Bild5.jpg\" alt=\"Bild5\" width=\"448\" height=\"299\" srcset=\"https:\/\/www.djk-erlangen.de\/fussball\/wp-content\/uploads\/2016\/08\/Bild5.jpg 448w, https:\/\/www.djk-erlangen.de\/fussball\/wp-content\/uploads\/2016\/08\/Bild5-150x100.jpg 150w, https:\/\/www.djk-erlangen.de\/fussball\/wp-content\/uploads\/2016\/08\/Bild5-300x200.jpg 300w\" sizes=\"auto, (max-width: 448px) 100vw, 448px\" \/><\/p>\n","protected":false},"excerpt":{"rendered":"<p>Auch in diesem Jahr war der DJK Sommercup (U10 \/ U11) wieder ein voller Erfolg. K\u00f6nnte einen Roman dar\u00fcber schreiben, bringe es auf den Punkt: Danke an den Verein, danke an die Jugendleitung, danke an die vielen hilfsbereiten Eltern und &hellip; <a href=\"https:\/\/www.djk-erlangen.de\/fussball\/?p=13776\">Weiterlesen <span class=\"meta-nav\">&rarr;<\/span><\/a><\/p>\n","protected":false},"author":36,"featured_media":0,"comment_status":"open","ping_status":"closed","sticky":false,"template":"","format":"standard","meta":{"jetpack_post_was_ever_published":false,"_jetpack_newsletter_access":"","_jetpack_dont_email_post_to_subs":false,"_jetpack_newsletter_tier_id":0,"_jetpack_memberships_contains_paywalled_content":false,"_jetpack_memberships_contains_paid_content":false,"footnotes":"","jetpack_publicize_message":"","jetpack_publicize_feature_enabled":true,"jetpack_social_post_already_shared":true,"jetpack_social_options":{"image_generator_settings":{"template":"highway","default_image_id":0,"font":"","enabled":false},"version":2}},"categories":[1,47,8,26,27,10,34,35,41],"tags":[],"class_list":["post-13776","post","type-post","status-publish","format-standard","hentry","category-allgemein","category-u11","category-u11-e1","category-u11-e2","category-u11-e3","category-u13","category-u13-d1","category-u13-d2","category-u13-d3"],"jetpack_publicize_connections":[],"jetpack_featured_media_url":"","jetpack_shortlink":"https:\/\/wp.me\/p2ZUr0-3Ac","jetpack_sharing_enabled":true,"_links":{"self":[{"href":"https:\/\/www.djk-erlangen.de\/fussball\/index.php?rest_route=\/wp\/v2\/posts\/13776","targetHints":{"allow":["GET"]}}],"collection":[{"href":"https:\/\/www.djk-erlangen.de\/fussball\/index.php?rest_route=\/wp\/v2\/posts"}],"about":[{"href":"https:\/\/www.djk-erlangen.de\/fussball\/index.php?rest_route=\/wp\/v2\/types\/post"}],"author":[{"embeddable":true,"href":"https:\/\/www.djk-erlangen.de\/fussball\/index.php?rest_route=\/wp\/v2\/users\/36"}],"replies":[{"embeddable":true,"href":"https:\/\/www.djk-erlangen.de\/fussball\/index.php?rest_route=%2Fwp%2Fv2%2Fcomments&post=13776"}],"version-history":[{"count":8,"href":"https:\/\/www.djk-erlangen.de\/fussball\/index.php?rest_route=\/wp\/v2\/posts\/13776\/revisions"}],"predecessor-version":[{"id":13786,"href":"https:\/\/www.djk-erlangen.de\/fussball\/index.php?rest_route=\/wp\/v2\/posts\/13776\/revisions\/13786"}],"wp:attachment":[{"href":"https:\/\/www.djk-erlangen.de\/fussball\/index.php?rest_route=%2Fwp%2Fv2%2Fmedia&parent=13776"}],"wp:term":[{"taxonomy":"category","embeddable":true,"href":"https:\/\/www.djk-erlangen.de\/fussball\/index.php?rest_route=%2Fwp%2Fv2%2Fcategories&post=13776"},{"taxonomy":"post_tag","embeddable":true,"href":"https:\/\/www.djk-erlangen.de\/fussball\/index.php?rest_route=%2Fwp%2Fv2%2Ftags&post=13776"}],"curies":[{"name":"wp","href":"https:\/\/api.w.org\/{rel}","templated":true}]}}